[{"command":"insert","method":"html","selector":"[data-agenda-calendar]","data":"\n\n\n\n\n\u003Ctable class=\u0022Agenda-calendar\u0022 cellpadding=\u00220\u0022 cellspacing=\u00220\u0022\u003E\n    \u003Cthead\u003E\n        \u003Ctr\u003E\n            \u003Cth colspan=\u00224\u0022 class=\u0022AgendaCalendar-th-date\u0022\u003E\n                May 2026\n            \u003C\/th\u003E\n            \u003Cth colspan=\u00223\u0022 class=\u0022AgendaCalendar-th-switchMonth\u0022\u003E\n                                    \u003Cspan class=\u0022button previous-month disabled\u0022\u003E\n                      \u003Csvg class=\u0022icon icon-angle\u0022 aria-hidden=\u0022true\u0022 focusable=\u0022false\u0022 width=\u002224\u0022 height=\u002212\u0022\u003E\u003Cuse xlink:href=\u0022\/themes\/custom\/albin_michel\/public\/dist\/icons.svg#icon-angle\u0022\u003E\u003C\/use\u003E\u003C\/svg\u003E\n                    \u003C\/span\u003E\n                                \u003Cbutton type=\u0022button\u0022\n                                        data-agenda-add-limit\n                    data-calendar-month=\u00226\u0022\n                    data-calendar-year=\u00222026\u0022\n                    class=\u0022button next-month\u0022\u003E\n                      \u003Csvg class=\u0022icon icon-angle\u0022 aria-hidden=\u0022true\u0022 focusable=\u0022false\u0022 width=\u002224\u0022 height=\u002212\u0022\u003E\u003Cuse xlink:href=\u0022\/themes\/custom\/albin_michel\/public\/dist\/icons.svg#icon-angle\u0022\u003E\u003C\/use\u003E\u003C\/svg\u003E\n                    \u003C\/button\u003E\n            \u003C\/th\u003E\n        \u003C\/tr\u003E\n        \u003Ctr class=\u0022AgendaCalendar-days\u0022\u003E\n            \u003Cth\u003ELu\u003C\/th\u003E\n            \u003Cth\u003EMa\u003C\/th\u003E\n            \u003Cth\u003EMe\u003C\/th\u003E\n            \u003Cth\u003EJe\u003C\/th\u003E\n            \u003Cth\u003EVe\u003C\/th\u003E\n            \u003Cth\u003ESa\u003C\/th\u003E\n            \u003Cth\u003EDi\u003C\/th\u003E\n        \u003C\/tr\u003E\n    \u003C\/thead\u003E\n    \u003Ctbody\u003E\n        \u003Ctr\u003E\n                                                                    \u003Ctd colspan=\u00224\u0022\u003E\u003C\/td\u003E\n                                                                        \u003Ctd class=\u0022 Calendar-date-today Calendar-date-busy\u0022\u003E\n                              \u003Ca href=\u0022ajax\/calendar\/2026\/05\/1?limit=9\u0022 class=\u0022use-ajax\u0022 data-agenda-add-limit\u003E1\u003C\/a\u003E\n                          \u003C\/td\u003E\n                                                                                                                                    \u003Ctd class=\u0022 Calendar-date-busy\u0022\u003E\n                              \u003Ca href=\u0022ajax\/calendar\/2026\/05\/2?limit=9\u0022 class=\u0022use-ajax\u0022 data-agenda-add-limit\u003E2\u003C\/a\u003E\n                          \u003C\/td\u003E\n                                                                                                                                    \u003Ctd class=\u0022 Calendar-date-busy\u0022\u003E\n                              \u003Ca href=\u0022ajax\/calendar\/2026\/05\/3?limit=9\u0022 class=\u0022use-ajax\u0022 data-agenda-add-limit\u003E3\u003C\/a\u003E\n                          \u003C\/td\u003E\n                                                    \u003C\/tr\u003E\n            \u003Ctr\u003E\n                                                                                            \u003Ctd class=\u0022\u0022\u003E\n                              4\n                          \u003C\/td\u003E\n                                                                                                                                    \u003Ctd class=\u0022\u0022\u003E\n                              5\n                          \u003C\/td\u003E\n                                                                                                                                    \u003Ctd class=\u0022\u0022\u003E\n                              6\n                          \u003C\/td\u003E\n                                                                                                                                    \u003Ctd class=\u0022\u0022\u003E\n                              7\n                          \u003C\/td\u003E\n                                                                                                                                    \u003Ctd class=\u0022 Calendar-date-busy\u0022\u003E\n                              \u003Ca href=\u0022ajax\/calendar\/2026\/05\/8?limit=9\u0022 class=\u0022use-ajax\u0022 data-agenda-add-limit\u003E8\u003C\/a\u003E\n                          \u003C\/td\u003E\n                                                                                                                                    \u003Ctd class=\u0022 Calendar-date-busy\u0022\u003E\n                              \u003Ca href=\u0022ajax\/calendar\/2026\/05\/9?limit=9\u0022 class=\u0022use-ajax\u0022 data-agenda-add-limit\u003E9\u003C\/a\u003E\n                          \u003C\/td\u003E\n                                                                                                                                    \u003Ctd class=\u0022 Calendar-date-busy\u0022\u003E\n                              \u003Ca href=\u0022ajax\/calendar\/2026\/05\/10?limit=9\u0022 class=\u0022use-ajax\u0022 data-agenda-add-limit\u003E10\u003C\/a\u003E\n                          \u003C\/td\u003E\n                                                    \u003C\/tr\u003E\n            \u003Ctr\u003E\n                                                                                            \u003Ctd class=\u0022\u0022\u003E\n                              11\n                          \u003C\/td\u003E\n                                                                                                                                    \u003Ctd class=\u0022\u0022\u003E\n                              12\n                          \u003C\/td\u003E\n                                                                                                                                    \u003Ctd class=\u0022\u0022\u003E\n                              13\n                          \u003C\/td\u003E\n                                                                                                                                    \u003Ctd class=\u0022\u0022\u003E\n                              14\n                          \u003C\/td\u003E\n                                                                                                                                    \u003Ctd class=\u0022 Calendar-date-busy\u0022\u003E\n                              \u003Ca href=\u0022ajax\/calendar\/2026\/05\/15?limit=9\u0022 class=\u0022use-ajax\u0022 data-agenda-add-limit\u003E15\u003C\/a\u003E\n                          \u003C\/td\u003E\n                                                                                                                                    \u003Ctd class=\u0022\u0022\u003E\n                              16\n                          \u003C\/td\u003E\n                                                                                                                                    \u003Ctd class=\u0022\u0022\u003E\n                              17\n                          \u003C\/td\u003E\n                                                    \u003C\/tr\u003E\n            \u003Ctr\u003E\n                                                                                            \u003Ctd class=\u0022\u0022\u003E\n                              18\n                          \u003C\/td\u003E\n                                                                                                                                    \u003Ctd class=\u0022\u0022\u003E\n                              19\n                          \u003C\/td\u003E\n                                                                                                                                    \u003Ctd class=\u0022\u0022\u003E\n                              20\n                          \u003C\/td\u003E\n                                                                                                                                    \u003Ctd class=\u0022\u0022\u003E\n                              21\n                          \u003C\/td\u003E\n                                                                                                                                    \u003Ctd class=\u0022 Calendar-date-busy\u0022\u003E\n                              \u003Ca href=\u0022ajax\/calendar\/2026\/05\/22?limit=9\u0022 class=\u0022use-ajax\u0022 data-agenda-add-limit\u003E22\u003C\/a\u003E\n                          \u003C\/td\u003E\n                                                                                                                                    \u003Ctd class=\u0022 Calendar-date-busy\u0022\u003E\n                              \u003Ca href=\u0022ajax\/calendar\/2026\/05\/23?limit=9\u0022 class=\u0022use-ajax\u0022 data-agenda-add-limit\u003E23\u003C\/a\u003E\n                          \u003C\/td\u003E\n                                                                                                                                    \u003Ctd class=\u0022 Calendar-date-busy\u0022\u003E\n                              \u003Ca href=\u0022ajax\/calendar\/2026\/05\/24?limit=9\u0022 class=\u0022use-ajax\u0022 data-agenda-add-limit\u003E24\u003C\/a\u003E\n                          \u003C\/td\u003E\n                                                    \u003C\/tr\u003E\n            \u003Ctr\u003E\n                                                                                            \u003Ctd class=\u0022 Calendar-date-busy Calendar-date-selected\u0022\u003E\n                              \u003Ca href=\u0022ajax\/calendar\/2026\/05\/25?limit=9\u0022 class=\u0022use-ajax\u0022 data-agenda-add-limit\u003E25\u003C\/a\u003E\n                          \u003C\/td\u003E\n                                                                                                                                    \u003Ctd class=\u0022\u0022\u003E\n                              26\n                          \u003C\/td\u003E\n                                                                                                                                    \u003Ctd class=\u0022\u0022\u003E\n                              27\n                          \u003C\/td\u003E\n                                                                                                                                    \u003Ctd class=\u0022 Calendar-date-busy\u0022\u003E\n                              \u003Ca href=\u0022ajax\/calendar\/2026\/05\/28?limit=9\u0022 class=\u0022use-ajax\u0022 data-agenda-add-limit\u003E28\u003C\/a\u003E\n                          \u003C\/td\u003E\n                                                                                                                                    \u003Ctd class=\u0022 Calendar-date-busy\u0022\u003E\n                              \u003Ca href=\u0022ajax\/calendar\/2026\/05\/29?limit=9\u0022 class=\u0022use-ajax\u0022 data-agenda-add-limit\u003E29\u003C\/a\u003E\n                          \u003C\/td\u003E\n                                                                                                                                    \u003Ctd class=\u0022 Calendar-date-busy\u0022\u003E\n                              \u003Ca href=\u0022ajax\/calendar\/2026\/05\/30?limit=9\u0022 class=\u0022use-ajax\u0022 data-agenda-add-limit\u003E30\u003C\/a\u003E\n                          \u003C\/td\u003E\n                                                                                                                                    \u003Ctd class=\u0022 Calendar-date-busy\u0022\u003E\n                              \u003Ca href=\u0022ajax\/calendar\/2026\/05\/31?limit=9\u0022 class=\u0022use-ajax\u0022 data-agenda-add-limit\u003E31\u003C\/a\u003E\n                          \u003C\/td\u003E\n                                                    \u003C\/tr\u003E\n            \u003Ctr\u003E\n                            \u003C\/tr\u003E\n    \u003C\/tbody\u003E\n\u003C\/table\u003E\n","settings":null},{"command":"insert","method":"html","selector":"[data-agenda-events]","data":"      \n\u003Carticle data-history-node-id=\u002278429\u0022 class=\u0022EventTeaser\u0022\u003E\n  \u003Cdiv class=\u0022EventTeaser-header\u0022\u003E\n    \u003Cdiv class=\u0022EventTeaser-date\u0022\u003E\n              \u003Cdiv class=\u0022EventTeaser-date--day\u0022\u003E\n          \u003Cspan\u003E22\u003C\/span\u003E\n                                    \u003Cspan\u003E-\u003C\/span\u003E\n              \u003Cspan\u003E25\u003C\/span\u003E\n                              \u003C\/div\u003E\n                    \u003Cdiv class=\u0022EventTeaser-date--month\u0022\u003E\n          \u003Cspan\u003EMay\u003C\/span\u003E\n                                        \u003C\/div\u003E\n          \u003C\/div\u003E\n\n    \u003Cdiv class=\u0022EventTeaser-links\u0022\u003E\n      \u003Cdiv class=\u0022EventTeaser-link\u0022\u003E\n                  \u003Ca href=\u0022\/emilie-querbalec\u0022\u003E\n            \u003Cdiv class=\u0022EventTeaser-link--label\u0022\u003EFiche\u003Cbr \/\u003EAuteur\u003C\/div\u003E\n            \u003Csvg class=\u0022icon icon-chevron\u0022 aria-hidden=\u0022true\u0022 focusable=\u0022false\u0022 width=\u002212\u0022 height=\u002224\u0022\u003E\u003Cuse xlink:href=\u0022\/themes\/custom\/albin_michel\/public\/dist\/icons.svg#icon-chevron\u0022\u003E\u003C\/use\u003E\u003C\/svg\u003E\n          \u003C\/a\u003E\n              \u003C\/div\u003E\n      \u003Cdiv class=\u0022EventTeaser-link\u0022\u003E\n              \u003C\/div\u003E\n    \u003C\/div\u003E\n  \u003C\/div\u003E\n\n  \u003Cdiv class=\u0022EventTeaser-content\u0022\u003E\n    \u003Cdiv class=\u0022EventTeaser-title\u0022\u003E\n      \u003Ch3\u003E\n\u003Cspan\u003EEmilie Querbalec \u00e0 Montpellier\u003C\/span\u003E\n\u003C\/h3\u003E\n    \u003C\/div\u003E\n    \u003Cdiv class=\u0022EventTeaser-description\u0022\u003E\n              \u003Cp\u003ERencontre et d\u00e9dicace \u00e0 la Com\u00e9die du livre.\u003C\/p\u003E\u003Cp\u003EPour plus d\u0027informations, rendez-vous sur : https:\/\/www.10joursenmai.fr\/\u003C\/p\u003E\n          \u003C\/div\u003E\n\n    \u003Cdiv class=\u0022EventTeaser-metas\u0022\u003E\n      \u003Cdiv class=\u0022EventTeaser-meta\u0022\u003E\n                  \u003Cdiv class=\u0022EventTeaser-meta-icon\u0022\u003E\n            \u003Csvg class=\u0022icon icon-clock\u0022 aria-hidden=\u0022true\u0022 focusable=\u0022false\u0022 width=\u002215\u0022 height=\u002215\u0022\u003E\u003Cuse xlink:href=\u0022\/themes\/custom\/albin_michel\/public\/dist\/icons.svg#icon-clock\u0022\u003E\u003C\/use\u003E\u003C\/svg\u003E\n          \u003C\/div\u003E\n          \u003Cdiv class=\u0022EventTeaser-meta-label\u0022\u003E\n            10h00\n          \u003C\/div\u003E\n        \u003C\/div\u003E\n              \u003Cdiv class=\u0022EventTeaser-meta\u0022\u003E\n        \u003Cdiv class=\u0022EventTeaser-meta-icon\u0022\u003E\n          \u003Csvg class=\u0022icon icon-marker\u0022 aria-hidden=\u0022true\u0022 focusable=\u0022false\u0022 width=\u002212.5\u0022 height=\u002215\u0022\u003E\u003Cuse xlink:href=\u0022\/themes\/custom\/albin_michel\/public\/dist\/icons.svg#icon-marker\u0022\u003E\u003C\/use\u003E\u003C\/svg\u003E\n        \u003C\/div\u003E\n        \u003Cdiv class=\u0022EventTeaser-meta-label\u0022\u003E\n                      Montpellier\u003Cbr \/\u003E\n                              34000\n          Montpellier\n        \u003C\/div\u003E\n      \u003C\/div\u003E\n    \u003C\/div\u003E\n  \u003C\/div\u003E\n\n  \u003Cdiv class=\u0022EventTeaser-follow mq--onlyPhone\u0022\u003E\n    \u003Ca href=\u0022\/agenda\/event\/ical\/78429\u0022\u003E\n      \u003Cdiv class=\u0022EventTeaser-follow-label\u0022\u003E\n        Cr\u00e9er\u003Cbr \/\u003Eun rappel\n      \u003C\/div\u003E\n      \u003Cdiv class=\u0022EventTeaser-follow-button\u0022\u003E\n        \u003Csvg class=\u0022icon icon-plus\u0022 aria-hidden=\u0022true\u0022 focusable=\u0022false\u0022 width=\u002215\u0022 height=\u002215\u0022\u003E\u003Cuse xlink:href=\u0022\/themes\/custom\/albin_michel\/public\/dist\/icons.svg#icon-plus\u0022\u003E\u003C\/use\u003E\u003C\/svg\u003E\n      \u003C\/div\u003E\n    \u003C\/a\u003E\n  \u003C\/div\u003E\n\u003C\/article\u003E\n\n      \n\u003Carticle data-history-node-id=\u002279251\u0022 class=\u0022EventTeaser\u0022\u003E\n  \u003Cdiv class=\u0022EventTeaser-header\u0022\u003E\n    \u003Cdiv class=\u0022EventTeaser-date\u0022\u003E\n              \u003Cdiv class=\u0022EventTeaser-date--day\u0022\u003E\n          \u003Cspan\u003E23\u003C\/span\u003E\n                                    \u003Cspan\u003E-\u003C\/span\u003E\n              \u003Cspan\u003E25\u003C\/span\u003E\n                              \u003C\/div\u003E\n                    \u003Cdiv class=\u0022EventTeaser-date--month\u0022\u003E\n          \u003Cspan\u003EMay\u003C\/span\u003E\n                                        \u003C\/div\u003E\n          \u003C\/div\u003E\n\n    \u003Cdiv class=\u0022EventTeaser-links\u0022\u003E\n      \u003Cdiv class=\u0022EventTeaser-link\u0022\u003E\n                  \u003Ca href=\u0022\/franck-bouysse\u0022\u003E\n            \u003Cdiv class=\u0022EventTeaser-link--label\u0022\u003EFiche\u003Cbr \/\u003EAuteur\u003C\/div\u003E\n            \u003Csvg class=\u0022icon icon-chevron\u0022 aria-hidden=\u0022true\u0022 focusable=\u0022false\u0022 width=\u002212\u0022 height=\u002224\u0022\u003E\u003Cuse xlink:href=\u0022\/themes\/custom\/albin_michel\/public\/dist\/icons.svg#icon-chevron\u0022\u003E\u003C\/use\u003E\u003C\/svg\u003E\n          \u003C\/a\u003E\n              \u003C\/div\u003E\n      \u003Cdiv class=\u0022EventTeaser-link\u0022\u003E\n                  \u003Ca href=\u0022\/entre-toutes-9782226465740\u0022\u003E\n            \u003Cdiv class=\u0022EventTeaser-link--label\u0022\u003EFiche\u003Cbr \/\u003EOuvrage\u003C\/div\u003E\n            \u003Csvg class=\u0022icon icon-chevron\u0022 aria-hidden=\u0022true\u0022 focusable=\u0022false\u0022 width=\u002212\u0022 height=\u002224\u0022\u003E\u003Cuse xlink:href=\u0022\/themes\/custom\/albin_michel\/public\/dist\/icons.svg#icon-chevron\u0022\u003E\u003C\/use\u003E\u003C\/svg\u003E\n          \u003C\/a\u003E\n              \u003C\/div\u003E\n    \u003C\/div\u003E\n  \u003C\/div\u003E\n\n  \u003Cdiv class=\u0022EventTeaser-content\u0022\u003E\n    \u003Cdiv class=\u0022EventTeaser-title\u0022\u003E\n      \u003Ch3\u003E\n\u003Cspan\u003EFranck Bouysse \u00e0 Saint-Malo\u003C\/span\u003E\n\u003C\/h3\u003E\n    \u003C\/div\u003E\n    \u003Cdiv class=\u0022EventTeaser-description\u0022\u003E\n              \u003Cp\u003ERencontre et d\u00e9dicace au Festival Etonnants Voyageurs.\u003C\/p\u003E\u003Cp\u003EEn partenariat avec la librairie Nouvelles Impressions.\u003C\/p\u003E\u003Cp\u003EPour plus d\u0027informations, rendez-vous sur : https:\/\/www.etonnants-voyageurs.com\/-festival-.html\u003C\/p\u003E\n          \u003C\/div\u003E\n\n    \u003Cdiv class=\u0022EventTeaser-metas\u0022\u003E\n      \u003Cdiv class=\u0022EventTeaser-meta\u0022\u003E\n                  \u003Cdiv class=\u0022EventTeaser-meta-icon\u0022\u003E\n            \u003Csvg class=\u0022icon icon-clock\u0022 aria-hidden=\u0022true\u0022 focusable=\u0022false\u0022 width=\u002215\u0022 height=\u002215\u0022\u003E\u003Cuse xlink:href=\u0022\/themes\/custom\/albin_michel\/public\/dist\/icons.svg#icon-clock\u0022\u003E\u003C\/use\u003E\u003C\/svg\u003E\n          \u003C\/div\u003E\n          \u003Cdiv class=\u0022EventTeaser-meta-label\u0022\u003E\n            10h00\n          \u003C\/div\u003E\n        \u003C\/div\u003E\n              \u003Cdiv class=\u0022EventTeaser-meta\u0022\u003E\n        \u003Cdiv class=\u0022EventTeaser-meta-icon\u0022\u003E\n          \u003Csvg class=\u0022icon icon-marker\u0022 aria-hidden=\u0022true\u0022 focusable=\u0022false\u0022 width=\u002212.5\u0022 height=\u002215\u0022\u003E\u003Cuse xlink:href=\u0022\/themes\/custom\/albin_michel\/public\/dist\/icons.svg#icon-marker\u0022\u003E\u003C\/use\u003E\u003C\/svg\u003E\n        \u003C\/div\u003E\n        \u003Cdiv class=\u0022EventTeaser-meta-label\u0022\u003E\n                      Saint-Malo\u003Cbr \/\u003E\n                              35400\n          Saint-Malo\n        \u003C\/div\u003E\n      \u003C\/div\u003E\n    \u003C\/div\u003E\n  \u003C\/div\u003E\n\n  \u003Cdiv class=\u0022EventTeaser-follow mq--onlyPhone\u0022\u003E\n    \u003Ca href=\u0022\/agenda\/event\/ical\/79251\u0022\u003E\n      \u003Cdiv class=\u0022EventTeaser-follow-label\u0022\u003E\n        Cr\u00e9er\u003Cbr \/\u003Eun rappel\n      \u003C\/div\u003E\n      \u003Cdiv class=\u0022EventTeaser-follow-button\u0022\u003E\n        \u003Csvg class=\u0022icon icon-plus\u0022 aria-hidden=\u0022true\u0022 focusable=\u0022false\u0022 width=\u002215\u0022 height=\u002215\u0022\u003E\u003Cuse xlink:href=\u0022\/themes\/custom\/albin_michel\/public\/dist\/icons.svg#icon-plus\u0022\u003E\u003C\/use\u003E\u003C\/svg\u003E\n      \u003C\/div\u003E\n    \u003C\/a\u003E\n  \u003C\/div\u003E\n\u003C\/article\u003E\n\n      \n\u003Carticle data-history-node-id=\u002279254\u0022 class=\u0022EventTeaser\u0022\u003E\n  \u003Cdiv class=\u0022EventTeaser-header\u0022\u003E\n    \u003Cdiv class=\u0022EventTeaser-date\u0022\u003E\n              \u003Cdiv class=\u0022EventTeaser-date--day\u0022\u003E\n          \u003Cspan\u003E23\u003C\/span\u003E\n                                    \u003Cspan\u003E-\u003C\/span\u003E\n              \u003Cspan\u003E25\u003C\/span\u003E\n                              \u003C\/div\u003E\n                    \u003Cdiv class=\u0022EventTeaser-date--month\u0022\u003E\n          \u003Cspan\u003EMay\u003C\/span\u003E\n                                        \u003C\/div\u003E\n          \u003C\/div\u003E\n\n    \u003Cdiv class=\u0022EventTeaser-links\u0022\u003E\n      \u003Cdiv class=\u0022EventTeaser-link\u0022\u003E\n                  \u003Ca href=\u0022\/donald-ray-pollock\u0022\u003E\n            \u003Cdiv class=\u0022EventTeaser-link--label\u0022\u003EFiche\u003Cbr \/\u003EAuteur\u003C\/div\u003E\n            \u003Csvg class=\u0022icon icon-chevron\u0022 aria-hidden=\u0022true\u0022 focusable=\u0022false\u0022 width=\u002212\u0022 height=\u002224\u0022\u003E\u003Cuse xlink:href=\u0022\/themes\/custom\/albin_michel\/public\/dist\/icons.svg#icon-chevron\u0022\u003E\u003C\/use\u003E\u003C\/svg\u003E\n          \u003C\/a\u003E\n              \u003C\/div\u003E\n      \u003Cdiv class=\u0022EventTeaser-link\u0022\u003E\n                  \u003Ca href=\u0022\/knockemstiff-ohio-9782226508102\u0022\u003E\n            \u003Cdiv class=\u0022EventTeaser-link--label\u0022\u003EFiche\u003Cbr \/\u003EOuvrage\u003C\/div\u003E\n            \u003Csvg class=\u0022icon icon-chevron\u0022 aria-hidden=\u0022true\u0022 focusable=\u0022false\u0022 width=\u002212\u0022 height=\u002224\u0022\u003E\u003Cuse xlink:href=\u0022\/themes\/custom\/albin_michel\/public\/dist\/icons.svg#icon-chevron\u0022\u003E\u003C\/use\u003E\u003C\/svg\u003E\n          \u003C\/a\u003E\n              \u003C\/div\u003E\n    \u003C\/div\u003E\n  \u003C\/div\u003E\n\n  \u003Cdiv class=\u0022EventTeaser-content\u0022\u003E\n    \u003Cdiv class=\u0022EventTeaser-title\u0022\u003E\n      \u003Ch3\u003E\n\u003Cspan\u003EDonald Ray Pollock \u00e0 Saint-Malo\u003C\/span\u003E\n\u003C\/h3\u003E\n    \u003C\/div\u003E\n    \u003Cdiv class=\u0022EventTeaser-description\u0022\u003E\n              \u003Cp\u003ERencontre et d\u00e9dicace au Festival Etonnants Voyageurs.\u003C\/p\u003E\u003Cp\u003EEn partenariat avec la librairie Nouvelles Impressions.\u003C\/p\u003E\u003Cp\u003EPour plus d\u0027informations, rendez-vous sur : https:\/\/www.etonnants-voyageurs.com\/-festival-.html\u003C\/p\u003E\n          \u003C\/div\u003E\n\n    \u003Cdiv class=\u0022EventTeaser-metas\u0022\u003E\n      \u003Cdiv class=\u0022EventTeaser-meta\u0022\u003E\n                  \u003Cdiv class=\u0022EventTeaser-meta-icon\u0022\u003E\n            \u003Csvg class=\u0022icon icon-clock\u0022 aria-hidden=\u0022true\u0022 focusable=\u0022false\u0022 width=\u002215\u0022 height=\u002215\u0022\u003E\u003Cuse xlink:href=\u0022\/themes\/custom\/albin_michel\/public\/dist\/icons.svg#icon-clock\u0022\u003E\u003C\/use\u003E\u003C\/svg\u003E\n          \u003C\/div\u003E\n          \u003Cdiv class=\u0022EventTeaser-meta-label\u0022\u003E\n            10h00\n          \u003C\/div\u003E\n        \u003C\/div\u003E\n              \u003Cdiv class=\u0022EventTeaser-meta\u0022\u003E\n        \u003Cdiv class=\u0022EventTeaser-meta-icon\u0022\u003E\n          \u003Csvg class=\u0022icon icon-marker\u0022 aria-hidden=\u0022true\u0022 focusable=\u0022false\u0022 width=\u002212.5\u0022 height=\u002215\u0022\u003E\u003Cuse xlink:href=\u0022\/themes\/custom\/albin_michel\/public\/dist\/icons.svg#icon-marker\u0022\u003E\u003C\/use\u003E\u003C\/svg\u003E\n        \u003C\/div\u003E\n        \u003Cdiv class=\u0022EventTeaser-meta-label\u0022\u003E\n                      Saint-Malo\u003Cbr \/\u003E\n                              35400\n          Saint-Malo\n        \u003C\/div\u003E\n      \u003C\/div\u003E\n    \u003C\/div\u003E\n  \u003C\/div\u003E\n\n  \u003Cdiv class=\u0022EventTeaser-follow mq--onlyPhone\u0022\u003E\n    \u003Ca href=\u0022\/agenda\/event\/ical\/79254\u0022\u003E\n      \u003Cdiv class=\u0022EventTeaser-follow-label\u0022\u003E\n        Cr\u00e9er\u003Cbr \/\u003Eun rappel\n      \u003C\/div\u003E\n      \u003Cdiv class=\u0022EventTeaser-follow-button\u0022\u003E\n        \u003Csvg class=\u0022icon icon-plus\u0022 aria-hidden=\u0022true\u0022 focusable=\u0022false\u0022 width=\u002215\u0022 height=\u002215\u0022\u003E\u003Cuse xlink:href=\u0022\/themes\/custom\/albin_michel\/public\/dist\/icons.svg#icon-plus\u0022\u003E\u003C\/use\u003E\u003C\/svg\u003E\n      \u003C\/div\u003E\n    \u003C\/a\u003E\n  \u003C\/div\u003E\n\u003C\/article\u003E\n\n      \n\u003Carticle data-history-node-id=\u002279340\u0022 class=\u0022EventTeaser\u0022\u003E\n  \u003Cdiv class=\u0022EventTeaser-header\u0022\u003E\n    \u003Cdiv class=\u0022EventTeaser-date\u0022\u003E\n              \u003Cdiv class=\u0022EventTeaser-date--day\u0022\u003E\n          \u003Cspan\u003E23\u003C\/span\u003E\n                                    \u003Cspan\u003E-\u003C\/span\u003E\n              \u003Cspan\u003E25\u003C\/span\u003E\n                              \u003C\/div\u003E\n                    \u003Cdiv class=\u0022EventTeaser-date--month\u0022\u003E\n          \u003Cspan\u003EMay\u003C\/span\u003E\n                                        \u003C\/div\u003E\n          \u003C\/div\u003E\n\n    \u003Cdiv class=\u0022EventTeaser-links\u0022\u003E\n      \u003Cdiv class=\u0022EventTeaser-link\u0022\u003E\n                  \u003Ca href=\u0022\/bret-anthony-johnston\u0022\u003E\n            \u003Cdiv class=\u0022EventTeaser-link--label\u0022\u003EFiche\u003Cbr \/\u003EAuteur\u003C\/div\u003E\n            \u003Csvg class=\u0022icon icon-chevron\u0022 aria-hidden=\u0022true\u0022 focusable=\u0022false\u0022 width=\u002212\u0022 height=\u002224\u0022\u003E\u003Cuse xlink:href=\u0022\/themes\/custom\/albin_michel\/public\/dist\/icons.svg#icon-chevron\u0022\u003E\u003C\/use\u003E\u003C\/svg\u003E\n          \u003C\/a\u003E\n              \u003C\/div\u003E\n      \u003Cdiv class=\u0022EventTeaser-link\u0022\u003E\n                  \u003Ca href=\u0022\/la-lumiere-et-les-tenebres-9782226498878\u0022\u003E\n            \u003Cdiv class=\u0022EventTeaser-link--label\u0022\u003EFiche\u003Cbr \/\u003EOuvrage\u003C\/div\u003E\n            \u003Csvg class=\u0022icon icon-chevron\u0022 aria-hidden=\u0022true\u0022 focusable=\u0022false\u0022 width=\u002212\u0022 height=\u002224\u0022\u003E\u003Cuse xlink:href=\u0022\/themes\/custom\/albin_michel\/public\/dist\/icons.svg#icon-chevron\u0022\u003E\u003C\/use\u003E\u003C\/svg\u003E\n          \u003C\/a\u003E\n              \u003C\/div\u003E\n    \u003C\/div\u003E\n  \u003C\/div\u003E\n\n  \u003Cdiv class=\u0022EventTeaser-content\u0022\u003E\n    \u003Cdiv class=\u0022EventTeaser-title\u0022\u003E\n      \u003Ch3\u003E\n\u003Cspan\u003EBret Anthony Johnston \u00e0 Saint-Malo\u003C\/span\u003E\n\u003C\/h3\u003E\n    \u003C\/div\u003E\n    \u003Cdiv class=\u0022EventTeaser-description\u0022\u003E\n              \u003Cp\u003ERencontre et d\u00e9dicace au Festival Etonnants Voyageurs.\u003C\/p\u003E\u003Cp\u003EEn partenariat avec la librairie Nouvelles Impressions.\u003C\/p\u003E\u003Cp\u003EPour plus d\u0027informations, rendez-vous sur : https:\/\/www.etonnants-voyageurs.com\/-festival-.html\u003C\/p\u003E\n          \u003C\/div\u003E\n\n    \u003Cdiv class=\u0022EventTeaser-metas\u0022\u003E\n      \u003Cdiv class=\u0022EventTeaser-meta\u0022\u003E\n                  \u003Cdiv class=\u0022EventTeaser-meta-icon\u0022\u003E\n            \u003Csvg class=\u0022icon icon-clock\u0022 aria-hidden=\u0022true\u0022 focusable=\u0022false\u0022 width=\u002215\u0022 height=\u002215\u0022\u003E\u003Cuse xlink:href=\u0022\/themes\/custom\/albin_michel\/public\/dist\/icons.svg#icon-clock\u0022\u003E\u003C\/use\u003E\u003C\/svg\u003E\n          \u003C\/div\u003E\n          \u003Cdiv class=\u0022EventTeaser-meta-label\u0022\u003E\n            10h00\n          \u003C\/div\u003E\n        \u003C\/div\u003E\n              \u003Cdiv class=\u0022EventTeaser-meta\u0022\u003E\n        \u003Cdiv class=\u0022EventTeaser-meta-icon\u0022\u003E\n          \u003Csvg class=\u0022icon icon-marker\u0022 aria-hidden=\u0022true\u0022 focusable=\u0022false\u0022 width=\u002212.5\u0022 height=\u002215\u0022\u003E\u003Cuse xlink:href=\u0022\/themes\/custom\/albin_michel\/public\/dist\/icons.svg#icon-marker\u0022\u003E\u003C\/use\u003E\u003C\/svg\u003E\n        \u003C\/div\u003E\n        \u003Cdiv class=\u0022EventTeaser-meta-label\u0022\u003E\n                      Saint-Malo\u003Cbr \/\u003E\n                              35400\n          Saint-Malo\n        \u003C\/div\u003E\n      \u003C\/div\u003E\n    \u003C\/div\u003E\n  \u003C\/div\u003E\n\n  \u003Cdiv class=\u0022EventTeaser-follow mq--onlyPhone\u0022\u003E\n    \u003Ca href=\u0022\/agenda\/event\/ical\/79340\u0022\u003E\n      \u003Cdiv class=\u0022EventTeaser-follow-label\u0022\u003E\n        Cr\u00e9er\u003Cbr \/\u003Eun rappel\n      \u003C\/div\u003E\n      \u003Cdiv class=\u0022EventTeaser-follow-button\u0022\u003E\n        \u003Csvg class=\u0022icon icon-plus\u0022 aria-hidden=\u0022true\u0022 focusable=\u0022false\u0022 width=\u002215\u0022 height=\u002215\u0022\u003E\u003Cuse xlink:href=\u0022\/themes\/custom\/albin_michel\/public\/dist\/icons.svg#icon-plus\u0022\u003E\u003C\/use\u003E\u003C\/svg\u003E\n      \u003C\/div\u003E\n    \u003C\/a\u003E\n  \u003C\/div\u003E\n\u003C\/article\u003E\n\n      \n\u003Carticle data-history-node-id=\u002279252\u0022 class=\u0022EventTeaser\u0022\u003E\n  \u003Cdiv class=\u0022EventTeaser-header\u0022\u003E\n    \u003Cdiv class=\u0022EventTeaser-date\u0022\u003E\n              \u003Cdiv class=\u0022EventTeaser-date--day\u0022\u003E\n          \u003Cspan\u003E23\u003C\/span\u003E\n                                    \u003Cspan\u003E-\u003C\/span\u003E\n              \u003Cspan\u003E25\u003C\/span\u003E\n                              \u003C\/div\u003E\n                    \u003Cdiv class=\u0022EventTeaser-date--month\u0022\u003E\n          \u003Cspan\u003EMay\u003C\/span\u003E\n                                        \u003C\/div\u003E\n          \u003C\/div\u003E\n\n    \u003Cdiv class=\u0022EventTeaser-links\u0022\u003E\n      \u003Cdiv class=\u0022EventTeaser-link\u0022\u003E\n                  \u003Ca href=\u0022\/philippe-collin\u0022\u003E\n            \u003Cdiv class=\u0022EventTeaser-link--label\u0022\u003EFiche\u003Cbr \/\u003EAuteur\u003C\/div\u003E\n            \u003Csvg class=\u0022icon icon-chevron\u0022 aria-hidden=\u0022true\u0022 focusable=\u0022false\u0022 width=\u002212\u0022 height=\u002224\u0022\u003E\u003Cuse xlink:href=\u0022\/themes\/custom\/albin_michel\/public\/dist\/icons.svg#icon-chevron\u0022\u003E\u003C\/use\u003E\u003C\/svg\u003E\n          \u003C\/a\u003E\n              \u003C\/div\u003E\n      \u003Cdiv class=\u0022EventTeaser-link\u0022\u003E\n                  \u003Ca href=\u0022\/les-resistantes-9782226499837\u0022\u003E\n            \u003Cdiv class=\u0022EventTeaser-link--label\u0022\u003EFiche\u003Cbr \/\u003EOuvrage\u003C\/div\u003E\n            \u003Csvg class=\u0022icon icon-chevron\u0022 aria-hidden=\u0022true\u0022 focusable=\u0022false\u0022 width=\u002212\u0022 height=\u002224\u0022\u003E\u003Cuse xlink:href=\u0022\/themes\/custom\/albin_michel\/public\/dist\/icons.svg#icon-chevron\u0022\u003E\u003C\/use\u003E\u003C\/svg\u003E\n          \u003C\/a\u003E\n              \u003C\/div\u003E\n    \u003C\/div\u003E\n  \u003C\/div\u003E\n\n  \u003Cdiv class=\u0022EventTeaser-content\u0022\u003E\n    \u003Cdiv class=\u0022EventTeaser-title\u0022\u003E\n      \u003Ch3\u003E\n\u003Cspan\u003EPhilippe Collin \u00e0 Saint-Malo\u003C\/span\u003E\n\u003C\/h3\u003E\n    \u003C\/div\u003E\n    \u003Cdiv class=\u0022EventTeaser-description\u0022\u003E\n              \u003Cp\u003ERencontre et d\u00e9dicace au Festival Etonnants Voyageurs.\u003C\/p\u003E\u003Cp\u003EEn partenariat avec la librairie Nouvelles Impressions.\u003C\/p\u003E\u003Cp\u003EPour plus d\u0027informations, rendez-vous sur : https:\/\/www.etonnants-voyageurs.com\/-festival-.html\u003C\/p\u003E\n          \u003C\/div\u003E\n\n    \u003Cdiv class=\u0022EventTeaser-metas\u0022\u003E\n      \u003Cdiv class=\u0022EventTeaser-meta\u0022\u003E\n                  \u003Cdiv class=\u0022EventTeaser-meta-icon\u0022\u003E\n            \u003Csvg class=\u0022icon icon-clock\u0022 aria-hidden=\u0022true\u0022 focusable=\u0022false\u0022 width=\u002215\u0022 height=\u002215\u0022\u003E\u003Cuse xlink:href=\u0022\/themes\/custom\/albin_michel\/public\/dist\/icons.svg#icon-clock\u0022\u003E\u003C\/use\u003E\u003C\/svg\u003E\n          \u003C\/div\u003E\n          \u003Cdiv class=\u0022EventTeaser-meta-label\u0022\u003E\n            10h00\n          \u003C\/div\u003E\n        \u003C\/div\u003E\n              \u003Cdiv class=\u0022EventTeaser-meta\u0022\u003E\n        \u003Cdiv class=\u0022EventTeaser-meta-icon\u0022\u003E\n          \u003Csvg class=\u0022icon icon-marker\u0022 aria-hidden=\u0022true\u0022 focusable=\u0022false\u0022 width=\u002212.5\u0022 height=\u002215\u0022\u003E\u003Cuse xlink:href=\u0022\/themes\/custom\/albin_michel\/public\/dist\/icons.svg#icon-marker\u0022\u003E\u003C\/use\u003E\u003C\/svg\u003E\n        \u003C\/div\u003E\n        \u003Cdiv class=\u0022EventTeaser-meta-label\u0022\u003E\n                      Saint-Malo\u003Cbr \/\u003E\n                              35400\n          Saint-Malo\n        \u003C\/div\u003E\n      \u003C\/div\u003E\n    \u003C\/div\u003E\n  \u003C\/div\u003E\n\n  \u003Cdiv class=\u0022EventTeaser-follow mq--onlyPhone\u0022\u003E\n    \u003Ca href=\u0022\/agenda\/event\/ical\/79252\u0022\u003E\n      \u003Cdiv class=\u0022EventTeaser-follow-label\u0022\u003E\n        Cr\u00e9er\u003Cbr \/\u003Eun rappel\n      \u003C\/div\u003E\n      \u003Cdiv class=\u0022EventTeaser-follow-button\u0022\u003E\n        \u003Csvg class=\u0022icon icon-plus\u0022 aria-hidden=\u0022true\u0022 focusable=\u0022false\u0022 width=\u002215\u0022 height=\u002215\u0022\u003E\u003Cuse xlink:href=\u0022\/themes\/custom\/albin_michel\/public\/dist\/icons.svg#icon-plus\u0022\u003E\u003C\/use\u003E\u003C\/svg\u003E\n      \u003C\/div\u003E\n    \u003C\/a\u003E\n  \u003C\/div\u003E\n\u003C\/article\u003E\n\n      \n\u003Carticle data-history-node-id=\u002279255\u0022 class=\u0022EventTeaser\u0022\u003E\n  \u003Cdiv class=\u0022EventTeaser-header\u0022\u003E\n    \u003Cdiv class=\u0022EventTeaser-date\u0022\u003E\n              \u003Cdiv class=\u0022EventTeaser-date--day\u0022\u003E\n          \u003Cspan\u003E23\u003C\/span\u003E\n                                    \u003Cspan\u003E-\u003C\/span\u003E\n              \u003Cspan\u003E25\u003C\/span\u003E\n                              \u003C\/div\u003E\n                    \u003Cdiv class=\u0022EventTeaser-date--month\u0022\u003E\n          \u003Cspan\u003EMay\u003C\/span\u003E\n                                        \u003C\/div\u003E\n          \u003C\/div\u003E\n\n    \u003Cdiv class=\u0022EventTeaser-links\u0022\u003E\n      \u003Cdiv class=\u0022EventTeaser-link\u0022\u003E\n                  \u003Ca href=\u0022\/ben-shattuck\u0022\u003E\n            \u003Cdiv class=\u0022EventTeaser-link--label\u0022\u003EFiche\u003Cbr \/\u003EAuteur\u003C\/div\u003E\n            \u003Csvg class=\u0022icon icon-chevron\u0022 aria-hidden=\u0022true\u0022 focusable=\u0022false\u0022 width=\u002212\u0022 height=\u002224\u0022\u003E\u003Cuse xlink:href=\u0022\/themes\/custom\/albin_michel\/public\/dist\/icons.svg#icon-chevron\u0022\u003E\u003C\/use\u003E\u003C\/svg\u003E\n          \u003C\/a\u003E\n              \u003C\/div\u003E\n      \u003Cdiv class=\u0022EventTeaser-link\u0022\u003E\n                  \u003Ca href=\u0022\/la-forme-et-la-couleur-des-sons-9782226481337\u0022\u003E\n            \u003Cdiv class=\u0022EventTeaser-link--label\u0022\u003EFiche\u003Cbr \/\u003EOuvrage\u003C\/div\u003E\n            \u003Csvg class=\u0022icon icon-chevron\u0022 aria-hidden=\u0022true\u0022 focusable=\u0022false\u0022 width=\u002212\u0022 height=\u002224\u0022\u003E\u003Cuse xlink:href=\u0022\/themes\/custom\/albin_michel\/public\/dist\/icons.svg#icon-chevron\u0022\u003E\u003C\/use\u003E\u003C\/svg\u003E\n          \u003C\/a\u003E\n              \u003C\/div\u003E\n    \u003C\/div\u003E\n  \u003C\/div\u003E\n\n  \u003Cdiv class=\u0022EventTeaser-content\u0022\u003E\n    \u003Cdiv class=\u0022EventTeaser-title\u0022\u003E\n      \u003Ch3\u003E\n\u003Cspan\u003EBen Shattuck \u00e0 Saint-Malo\u003C\/span\u003E\n\u003C\/h3\u003E\n    \u003C\/div\u003E\n    \u003Cdiv class=\u0022EventTeaser-description\u0022\u003E\n              \u003Cp\u003ERencontre et d\u00e9dicace au Festival Etonnants Voyageurs.\u003C\/p\u003E\u003Cp\u003EEn partenariat avec la librairie Nouvelles Impressions.\u003C\/p\u003E\u003Cp\u003EPour plus d\u0027informations, rendez-vous sur : https:\/\/www.etonnants-voyageurs.com\/-festival-.html\u003C\/p\u003E\n          \u003C\/div\u003E\n\n    \u003Cdiv class=\u0022EventTeaser-metas\u0022\u003E\n      \u003Cdiv class=\u0022EventTeaser-meta\u0022\u003E\n                  \u003Cdiv class=\u0022EventTeaser-meta-icon\u0022\u003E\n            \u003Csvg class=\u0022icon icon-clock\u0022 aria-hidden=\u0022true\u0022 focusable=\u0022false\u0022 width=\u002215\u0022 height=\u002215\u0022\u003E\u003Cuse xlink:href=\u0022\/themes\/custom\/albin_michel\/public\/dist\/icons.svg#icon-clock\u0022\u003E\u003C\/use\u003E\u003C\/svg\u003E\n          \u003C\/div\u003E\n          \u003Cdiv class=\u0022EventTeaser-meta-label\u0022\u003E\n            10h00\n          \u003C\/div\u003E\n        \u003C\/div\u003E\n              \u003Cdiv class=\u0022EventTeaser-meta\u0022\u003E\n        \u003Cdiv class=\u0022EventTeaser-meta-icon\u0022\u003E\n          \u003Csvg class=\u0022icon icon-marker\u0022 aria-hidden=\u0022true\u0022 focusable=\u0022false\u0022 width=\u002212.5\u0022 height=\u002215\u0022\u003E\u003Cuse xlink:href=\u0022\/themes\/custom\/albin_michel\/public\/dist\/icons.svg#icon-marker\u0022\u003E\u003C\/use\u003E\u003C\/svg\u003E\n        \u003C\/div\u003E\n        \u003Cdiv class=\u0022EventTeaser-meta-label\u0022\u003E\n                      Saint-Malo\u003Cbr \/\u003E\n                              35400\n          Saint-Malo\n        \u003C\/div\u003E\n      \u003C\/div\u003E\n    \u003C\/div\u003E\n  \u003C\/div\u003E\n\n  \u003Cdiv class=\u0022EventTeaser-follow mq--onlyPhone\u0022\u003E\n    \u003Ca href=\u0022\/agenda\/event\/ical\/79255\u0022\u003E\n      \u003Cdiv class=\u0022EventTeaser-follow-label\u0022\u003E\n        Cr\u00e9er\u003Cbr \/\u003Eun rappel\n      \u003C\/div\u003E\n      \u003Cdiv class=\u0022EventTeaser-follow-button\u0022\u003E\n        \u003Csvg class=\u0022icon icon-plus\u0022 aria-hidden=\u0022true\u0022 focusable=\u0022false\u0022 width=\u002215\u0022 height=\u002215\u0022\u003E\u003Cuse xlink:href=\u0022\/themes\/custom\/albin_michel\/public\/dist\/icons.svg#icon-plus\u0022\u003E\u003C\/use\u003E\u003C\/svg\u003E\n      \u003C\/div\u003E\n    \u003C\/a\u003E\n  \u003C\/div\u003E\n\u003C\/article\u003E\n\n      \n\u003Carticle data-history-node-id=\u002279235\u0022 class=\u0022EventTeaser\u0022\u003E\n  \u003Cdiv class=\u0022EventTeaser-header\u0022\u003E\n    \u003Cdiv class=\u0022EventTeaser-date\u0022\u003E\n              \u003Cdiv class=\u0022EventTeaser-date--day\u0022\u003E\n          \u003Cspan\u003E23\u003C\/span\u003E\n                                    \u003Cspan\u003E-\u003C\/span\u003E\n              \u003Cspan\u003E25\u003C\/span\u003E\n                              \u003C\/div\u003E\n                    \u003Cdiv class=\u0022EventTeaser-date--month\u0022\u003E\n          \u003Cspan\u003EMay\u003C\/span\u003E\n                                        \u003C\/div\u003E\n          \u003C\/div\u003E\n\n    \u003Cdiv class=\u0022EventTeaser-links\u0022\u003E\n      \u003Cdiv class=\u0022EventTeaser-link\u0022\u003E\n                  \u003Ca href=\u0022\/jamy-gourmaud\u0022\u003E\n            \u003Cdiv class=\u0022EventTeaser-link--label\u0022\u003EFiche\u003Cbr \/\u003EAuteur\u003C\/div\u003E\n            \u003Csvg class=\u0022icon icon-chevron\u0022 aria-hidden=\u0022true\u0022 focusable=\u0022false\u0022 width=\u002212\u0022 height=\u002224\u0022\u003E\u003Cuse xlink:href=\u0022\/themes\/custom\/albin_michel\/public\/dist\/icons.svg#icon-chevron\u0022\u003E\u003C\/use\u003E\u003C\/svg\u003E\n          \u003C\/a\u003E\n              \u003C\/div\u003E\n      \u003Cdiv class=\u0022EventTeaser-link\u0022\u003E\n                  \u003Ca href=\u0022\/les-ailes-de-la-foret-9782226498700\u0022\u003E\n            \u003Cdiv class=\u0022EventTeaser-link--label\u0022\u003EFiche\u003Cbr \/\u003EOuvrage\u003C\/div\u003E\n            \u003Csvg class=\u0022icon icon-chevron\u0022 aria-hidden=\u0022true\u0022 focusable=\u0022false\u0022 width=\u002212\u0022 height=\u002224\u0022\u003E\u003Cuse xlink:href=\u0022\/themes\/custom\/albin_michel\/public\/dist\/icons.svg#icon-chevron\u0022\u003E\u003C\/use\u003E\u003C\/svg\u003E\n          \u003C\/a\u003E\n              \u003C\/div\u003E\n    \u003C\/div\u003E\n  \u003C\/div\u003E\n\n  \u003Cdiv class=\u0022EventTeaser-content\u0022\u003E\n    \u003Cdiv class=\u0022EventTeaser-title\u0022\u003E\n      \u003Ch3\u003E\n\u003Cspan\u003EJamy Gourmaud \u00e0 Saint-Malo\u003C\/span\u003E\n\u003C\/h3\u003E\n    \u003C\/div\u003E\n    \u003Cdiv class=\u0022EventTeaser-description\u0022\u003E\n              \u003Cp\u003ERencontre et d\u00e9dicace au Festival Etonnants Voyageurs.\u003C\/p\u003E\u003Cp\u003EEn partenariat avec la librairie Nouvelles Impressions.\u003C\/p\u003E\u003Cp\u003EPour plus d\u0027informations, rendez-vous sur : https:\/\/www.etonnants-voyageurs.com\/-festival-.html\u003C\/p\u003E\n          \u003C\/div\u003E\n\n    \u003Cdiv class=\u0022EventTeaser-metas\u0022\u003E\n      \u003Cdiv class=\u0022EventTeaser-meta\u0022\u003E\n                  \u003Cdiv class=\u0022EventTeaser-meta-icon\u0022\u003E\n            \u003Csvg class=\u0022icon icon-clock\u0022 aria-hidden=\u0022true\u0022 focusable=\u0022false\u0022 width=\u002215\u0022 height=\u002215\u0022\u003E\u003Cuse xlink:href=\u0022\/themes\/custom\/albin_michel\/public\/dist\/icons.svg#icon-clock\u0022\u003E\u003C\/use\u003E\u003C\/svg\u003E\n          \u003C\/div\u003E\n          \u003Cdiv class=\u0022EventTeaser-meta-label\u0022\u003E\n            10h00\n          \u003C\/div\u003E\n        \u003C\/div\u003E\n              \u003Cdiv class=\u0022EventTeaser-meta\u0022\u003E\n        \u003Cdiv class=\u0022EventTeaser-meta-icon\u0022\u003E\n          \u003Csvg class=\u0022icon icon-marker\u0022 aria-hidden=\u0022true\u0022 focusable=\u0022false\u0022 width=\u002212.5\u0022 height=\u002215\u0022\u003E\u003Cuse xlink:href=\u0022\/themes\/custom\/albin_michel\/public\/dist\/icons.svg#icon-marker\u0022\u003E\u003C\/use\u003E\u003C\/svg\u003E\n        \u003C\/div\u003E\n        \u003Cdiv class=\u0022EventTeaser-meta-label\u0022\u003E\n                      Saint-Malo\u003Cbr \/\u003E\n                              35400\n          Saint-Malo\n        \u003C\/div\u003E\n      \u003C\/div\u003E\n    \u003C\/div\u003E\n  \u003C\/div\u003E\n\n  \u003Cdiv class=\u0022EventTeaser-follow mq--onlyPhone\u0022\u003E\n    \u003Ca href=\u0022\/agenda\/event\/ical\/79235\u0022\u003E\n      \u003Cdiv class=\u0022EventTeaser-follow-label\u0022\u003E\n        Cr\u00e9er\u003Cbr \/\u003Eun rappel\n      \u003C\/div\u003E\n      \u003Cdiv class=\u0022EventTeaser-follow-button\u0022\u003E\n        \u003Csvg class=\u0022icon icon-plus\u0022 aria-hidden=\u0022true\u0022 focusable=\u0022false\u0022 width=\u002215\u0022 height=\u002215\u0022\u003E\u003Cuse xlink:href=\u0022\/themes\/custom\/albin_michel\/public\/dist\/icons.svg#icon-plus\u0022\u003E\u003C\/use\u003E\u003C\/svg\u003E\n      \u003C\/div\u003E\n    \u003C\/a\u003E\n  \u003C\/div\u003E\n\u003C\/article\u003E\n\n      \n\u003Carticle data-history-node-id=\u002279253\u0022 class=\u0022EventTeaser\u0022\u003E\n  \u003Cdiv class=\u0022EventTeaser-header\u0022\u003E\n    \u003Cdiv class=\u0022EventTeaser-date\u0022\u003E\n              \u003Cdiv class=\u0022EventTeaser-date--day\u0022\u003E\n          \u003Cspan\u003E23\u003C\/span\u003E\n                                    \u003Cspan\u003E-\u003C\/span\u003E\n              \u003Cspan\u003E25\u003C\/span\u003E\n                              \u003C\/div\u003E\n                    \u003Cdiv class=\u0022EventTeaser-date--month\u0022\u003E\n          \u003Cspan\u003EMay\u003C\/span\u003E\n                                        \u003C\/div\u003E\n          \u003C\/div\u003E\n\n    \u003Cdiv class=\u0022EventTeaser-links\u0022\u003E\n      \u003Cdiv class=\u0022EventTeaser-link\u0022\u003E\n                  \u003Ca href=\u0022\/dinaw-mengestu\u0022\u003E\n            \u003Cdiv class=\u0022EventTeaser-link--label\u0022\u003EFiche\u003Cbr \/\u003EAuteur\u003C\/div\u003E\n            \u003Csvg class=\u0022icon icon-chevron\u0022 aria-hidden=\u0022true\u0022 focusable=\u0022false\u0022 width=\u002212\u0022 height=\u002224\u0022\u003E\u003Cuse xlink:href=\u0022\/themes\/custom\/albin_michel\/public\/dist\/icons.svg#icon-chevron\u0022\u003E\u003C\/use\u003E\u003C\/svg\u003E\n          \u003C\/a\u003E\n              \u003C\/div\u003E\n      \u003Cdiv class=\u0022EventTeaser-link\u0022\u003E\n                  \u003Ca href=\u0022\/quelquun-comme-nous-9782226497918\u0022\u003E\n            \u003Cdiv class=\u0022EventTeaser-link--label\u0022\u003EFiche\u003Cbr \/\u003EOuvrage\u003C\/div\u003E\n            \u003Csvg class=\u0022icon icon-chevron\u0022 aria-hidden=\u0022true\u0022 focusable=\u0022false\u0022 width=\u002212\u0022 height=\u002224\u0022\u003E\u003Cuse xlink:href=\u0022\/themes\/custom\/albin_michel\/public\/dist\/icons.svg#icon-chevron\u0022\u003E\u003C\/use\u003E\u003C\/svg\u003E\n          \u003C\/a\u003E\n              \u003C\/div\u003E\n    \u003C\/div\u003E\n  \u003C\/div\u003E\n\n  \u003Cdiv class=\u0022EventTeaser-content\u0022\u003E\n    \u003Cdiv class=\u0022EventTeaser-title\u0022\u003E\n      \u003Ch3\u003E\n\u003Cspan\u003EDinaw Mengestu \u00e0 Saint-Malo\u003C\/span\u003E\n\u003C\/h3\u003E\n    \u003C\/div\u003E\n    \u003Cdiv class=\u0022EventTeaser-description\u0022\u003E\n              \u003Cp\u003ERencontre et d\u00e9dicace au Festival Etonnants Voyageurs.\u003C\/p\u003E\u003Cp\u003EEn partenariat avec la librairie Nouvelles Impressions.\u003C\/p\u003E\u003Cp\u003EPour plus d\u0027informations, rendez-vous sur : https:\/\/www.etonnants-voyageurs.com\/-festival-.html\u003C\/p\u003E\n          \u003C\/div\u003E\n\n    \u003Cdiv class=\u0022EventTeaser-metas\u0022\u003E\n      \u003Cdiv class=\u0022EventTeaser-meta\u0022\u003E\n                  \u003Cdiv class=\u0022EventTeaser-meta-icon\u0022\u003E\n            \u003Csvg class=\u0022icon icon-clock\u0022 aria-hidden=\u0022true\u0022 focusable=\u0022false\u0022 width=\u002215\u0022 height=\u002215\u0022\u003E\u003Cuse xlink:href=\u0022\/themes\/custom\/albin_michel\/public\/dist\/icons.svg#icon-clock\u0022\u003E\u003C\/use\u003E\u003C\/svg\u003E\n          \u003C\/div\u003E\n          \u003Cdiv class=\u0022EventTeaser-meta-label\u0022\u003E\n            10h00\n          \u003C\/div\u003E\n        \u003C\/div\u003E\n              \u003Cdiv class=\u0022EventTeaser-meta\u0022\u003E\n        \u003Cdiv class=\u0022EventTeaser-meta-icon\u0022\u003E\n          \u003Csvg class=\u0022icon icon-marker\u0022 aria-hidden=\u0022true\u0022 focusable=\u0022false\u0022 width=\u002212.5\u0022 height=\u002215\u0022\u003E\u003Cuse xlink:href=\u0022\/themes\/custom\/albin_michel\/public\/dist\/icons.svg#icon-marker\u0022\u003E\u003C\/use\u003E\u003C\/svg\u003E\n        \u003C\/div\u003E\n        \u003Cdiv class=\u0022EventTeaser-meta-label\u0022\u003E\n                      Saint-Malo\u003Cbr \/\u003E\n                              35400\n          Saint-Malo\n        \u003C\/div\u003E\n      \u003C\/div\u003E\n    \u003C\/div\u003E\n  \u003C\/div\u003E\n\n  \u003Cdiv class=\u0022EventTeaser-follow mq--onlyPhone\u0022\u003E\n    \u003Ca href=\u0022\/agenda\/event\/ical\/79253\u0022\u003E\n      \u003Cdiv class=\u0022EventTeaser-follow-label\u0022\u003E\n        Cr\u00e9er\u003Cbr \/\u003Eun rappel\n      \u003C\/div\u003E\n      \u003Cdiv class=\u0022EventTeaser-follow-button\u0022\u003E\n        \u003Csvg class=\u0022icon icon-plus\u0022 aria-hidden=\u0022true\u0022 focusable=\u0022false\u0022 width=\u002215\u0022 height=\u002215\u0022\u003E\u003Cuse xlink:href=\u0022\/themes\/custom\/albin_michel\/public\/dist\/icons.svg#icon-plus\u0022\u003E\u003C\/use\u003E\u003C\/svg\u003E\n      \u003C\/div\u003E\n    \u003C\/a\u003E\n  \u003C\/div\u003E\n\u003C\/article\u003E\n\n      \n\u003Carticle data-history-node-id=\u002279256\u0022 class=\u0022EventTeaser\u0022\u003E\n  \u003Cdiv class=\u0022EventTeaser-header\u0022\u003E\n    \u003Cdiv class=\u0022EventTeaser-date\u0022\u003E\n              \u003Cdiv class=\u0022EventTeaser-date--day\u0022\u003E\n          \u003Cspan\u003E23\u003C\/span\u003E\n                                    \u003Cspan\u003E-\u003C\/span\u003E\n              \u003Cspan\u003E25\u003C\/span\u003E\n                              \u003C\/div\u003E\n                    \u003Cdiv class=\u0022EventTeaser-date--month\u0022\u003E\n          \u003Cspan\u003EMay\u003C\/span\u003E\n                                        \u003C\/div\u003E\n          \u003C\/div\u003E\n\n    \u003Cdiv class=\u0022EventTeaser-links\u0022\u003E\n      \u003Cdiv class=\u0022EventTeaser-link\u0022\u003E\n                  \u003Ca href=\u0022\/adam-weymouth\u0022\u003E\n            \u003Cdiv class=\u0022EventTeaser-link--label\u0022\u003EFiche\u003Cbr \/\u003EAuteur\u003C\/div\u003E\n            \u003Csvg class=\u0022icon icon-chevron\u0022 aria-hidden=\u0022true\u0022 focusable=\u0022false\u0022 width=\u002212\u0022 height=\u002224\u0022\u003E\u003Cuse xlink:href=\u0022\/themes\/custom\/albin_michel\/public\/dist\/icons.svg#icon-chevron\u0022\u003E\u003C\/use\u003E\u003C\/svg\u003E\n          \u003C\/a\u003E\n              \u003C\/div\u003E\n      \u003Cdiv class=\u0022EventTeaser-link\u0022\u003E\n              \u003C\/div\u003E\n    \u003C\/div\u003E\n  \u003C\/div\u003E\n\n  \u003Cdiv class=\u0022EventTeaser-content\u0022\u003E\n    \u003Cdiv class=\u0022EventTeaser-title\u0022\u003E\n      \u003Ch3\u003E\n\u003Cspan\u003EAdam Weymouth \u00e0 Saint-Malo\u003C\/span\u003E\n\u003C\/h3\u003E\n    \u003C\/div\u003E\n    \u003Cdiv class=\u0022EventTeaser-description\u0022\u003E\n              \u003Cp\u003ERencontre et d\u00e9dicace au Festival Etonnants Voyageurs.\u003C\/p\u003E\u003Cp\u003EEn partenariat avec la librairie Nouvelles Impressions.\u003C\/p\u003E\u003Cp\u003EPour plus d\u0027informations, rendez-vous sur : https:\/\/www.etonnants-voyageurs.com\/-festival-.html\u003C\/p\u003E\n          \u003C\/div\u003E\n\n    \u003Cdiv class=\u0022EventTeaser-metas\u0022\u003E\n      \u003Cdiv class=\u0022EventTeaser-meta\u0022\u003E\n                  \u003Cdiv class=\u0022EventTeaser-meta-icon\u0022\u003E\n            \u003Csvg class=\u0022icon icon-clock\u0022 aria-hidden=\u0022true\u0022 focusable=\u0022false\u0022 width=\u002215\u0022 height=\u002215\u0022\u003E\u003Cuse xlink:href=\u0022\/themes\/custom\/albin_michel\/public\/dist\/icons.svg#icon-clock\u0022\u003E\u003C\/use\u003E\u003C\/svg\u003E\n          \u003C\/div\u003E\n          \u003Cdiv class=\u0022EventTeaser-meta-label\u0022\u003E\n            10h00\n          \u003C\/div\u003E\n        \u003C\/div\u003E\n              \u003Cdiv class=\u0022EventTeaser-meta\u0022\u003E\n        \u003Cdiv class=\u0022EventTeaser-meta-icon\u0022\u003E\n          \u003Csvg class=\u0022icon icon-marker\u0022 aria-hidden=\u0022true\u0022 focusable=\u0022false\u0022 width=\u002212.5\u0022 height=\u002215\u0022\u003E\u003Cuse xlink:href=\u0022\/themes\/custom\/albin_michel\/public\/dist\/icons.svg#icon-marker\u0022\u003E\u003C\/use\u003E\u003C\/svg\u003E\n        \u003C\/div\u003E\n        \u003Cdiv class=\u0022EventTeaser-meta-label\u0022\u003E\n                      Saint-Malo\u003Cbr \/\u003E\n                              35400\n          Saint-Malo\n        \u003C\/div\u003E\n      \u003C\/div\u003E\n    \u003C\/div\u003E\n  \u003C\/div\u003E\n\n  \u003Cdiv class=\u0022EventTeaser-follow mq--onlyPhone\u0022\u003E\n    \u003Ca href=\u0022\/agenda\/event\/ical\/79256\u0022\u003E\n      \u003Cdiv class=\u0022EventTeaser-follow-label\u0022\u003E\n        Cr\u00e9er\u003Cbr \/\u003Eun rappel\n      \u003C\/div\u003E\n      \u003Cdiv class=\u0022EventTeaser-follow-button\u0022\u003E\n        \u003Csvg class=\u0022icon icon-plus\u0022 aria-hidden=\u0022true\u0022 focusable=\u0022false\u0022 width=\u002215\u0022 height=\u002215\u0022\u003E\u003Cuse xlink:href=\u0022\/themes\/custom\/albin_michel\/public\/dist\/icons.svg#icon-plus\u0022\u003E\u003C\/use\u003E\u003C\/svg\u003E\n      \u003C\/div\u003E\n    \u003C\/a\u003E\n  \u003C\/div\u003E\n\u003C\/article\u003E\n\n  ","settings":null},{"command":"insert","method":"replaceWith","selector":"[data-agenda-loadmore]","data":"\u003Ca href=\u0022#\u0022 class=\u0022pagination-see-more use-ajax\u0022 data-agenda-loadmore\u003E\u003C\/a\u003E","settings":null},{"command":"data","selector":"[data-agenda-container]","name":"year","value":"2026"},{"command":"data","selector":"[data-agenda-container]","name":"month","value":"05"},{"command":"data","selector":"[data-agenda-container]","name":"day","value":"25"},{"command":"data","selector":"[data-agenda-container]","name":"city","value":null}]