[{"command":"insert","method":"html","selector":"[data-agenda-calendar]","data":"\n\n\n\n\n\u003Ctable class=\u0022Agenda-calendar\u0022 cellpadding=\u00220\u0022 cellspacing=\u00220\u0022\u003E\n    \u003Cthead\u003E\n        \u003Ctr\u003E\n            \u003Cth colspan=\u00224\u0022 class=\u0022AgendaCalendar-th-date\u0022\u003E\n                September 2026\n            \u003C\/th\u003E\n            \u003Cth colspan=\u00223\u0022 class=\u0022AgendaCalendar-th-switchMonth\u0022\u003E\n                                    \u003Cspan class=\u0022button previous-month disabled\u0022\u003E\n                      \u003Csvg class=\u0022icon icon-angle\u0022 aria-hidden=\u0022true\u0022 focusable=\u0022false\u0022 width=\u002224\u0022 height=\u002212\u0022\u003E\u003Cuse xlink:href=\u0022\/themes\/custom\/albin_michel\/public\/dist\/icons.svg#icon-angle\u0022\u003E\u003C\/use\u003E\u003C\/svg\u003E\n                    \u003C\/span\u003E\n                                \u003Cbutton type=\u0022button\u0022\n                                        data-agenda-add-limit\n                    data-calendar-month=\u002210\u0022\n                    data-calendar-year=\u00222026\u0022\n                    class=\u0022button next-month\u0022\u003E\n                      \u003Csvg class=\u0022icon icon-angle\u0022 aria-hidden=\u0022true\u0022 focusable=\u0022false\u0022 width=\u002224\u0022 height=\u002212\u0022\u003E\u003Cuse xlink:href=\u0022\/themes\/custom\/albin_michel\/public\/dist\/icons.svg#icon-angle\u0022\u003E\u003C\/use\u003E\u003C\/svg\u003E\n                    \u003C\/button\u003E\n            \u003C\/th\u003E\n        \u003C\/tr\u003E\n        \u003Ctr class=\u0022AgendaCalendar-days\u0022\u003E\n            \u003Cth\u003ELu\u003C\/th\u003E\n            \u003Cth\u003EMa\u003C\/th\u003E\n            \u003Cth\u003EMe\u003C\/th\u003E\n            \u003Cth\u003EJe\u003C\/th\u003E\n            \u003Cth\u003EVe\u003C\/th\u003E\n            \u003Cth\u003ESa\u003C\/th\u003E\n            \u003Cth\u003EDi\u003C\/th\u003E\n        \u003C\/tr\u003E\n    \u003C\/thead\u003E\n    \u003Ctbody\u003E\n        \u003Ctr\u003E\n                                                                    \u003Ctd colspan=\u00221\u0022\u003E\u003C\/td\u003E\n                                                                        \u003Ctd class=\u0022 Calendar-date-today Calendar-date-busy\u0022\u003E\n                              \u003Ca href=\u0022ajax\/calendar\/2026\/09\/1?limit=9\u0022 class=\u0022use-ajax\u0022 data-agenda-add-limit\u003E1\u003C\/a\u003E\n                          \u003C\/td\u003E\n                                                                                                                                    \u003Ctd class=\u0022\u0022\u003E\n                              2\n                          \u003C\/td\u003E\n                                                                                                                                    \u003Ctd class=\u0022\u0022\u003E\n                              3\n                          \u003C\/td\u003E\n                                                                                                                                    \u003Ctd class=\u0022\u0022\u003E\n                              4\n                          \u003C\/td\u003E\n                                                                                                                                    \u003Ctd class=\u0022 Calendar-date-busy\u0022\u003E\n                              \u003Ca href=\u0022ajax\/calendar\/2026\/09\/5?limit=9\u0022 class=\u0022use-ajax\u0022 data-agenda-add-limit\u003E5\u003C\/a\u003E\n                          \u003C\/td\u003E\n                                                                                                                                    \u003Ctd class=\u0022 Calendar-date-busy\u0022\u003E\n                              \u003Ca href=\u0022ajax\/calendar\/2026\/09\/6?limit=9\u0022 class=\u0022use-ajax\u0022 data-agenda-add-limit\u003E6\u003C\/a\u003E\n                          \u003C\/td\u003E\n                                                    \u003C\/tr\u003E\n            \u003Ctr\u003E\n                                                                                            \u003Ctd class=\u0022\u0022\u003E\n                              7\n                          \u003C\/td\u003E\n                                                                                                                                    \u003Ctd class=\u0022\u0022\u003E\n                              8\n                          \u003C\/td\u003E\n                                                                                                                                    \u003Ctd class=\u0022 Calendar-date-busy\u0022\u003E\n                              \u003Ca href=\u0022ajax\/calendar\/2026\/09\/9?limit=9\u0022 class=\u0022use-ajax\u0022 data-agenda-add-limit\u003E9\u003C\/a\u003E\n                          \u003C\/td\u003E\n                                                                                                                                    \u003Ctd class=\u0022\u0022\u003E\n                              10\n                          \u003C\/td\u003E\n                                                                                                                                    \u003Ctd class=\u0022 Calendar-date-busy\u0022\u003E\n                              \u003Ca href=\u0022ajax\/calendar\/2026\/09\/11?limit=9\u0022 class=\u0022use-ajax\u0022 data-agenda-add-limit\u003E11\u003C\/a\u003E\n                          \u003C\/td\u003E\n                                                                                                                                    \u003Ctd class=\u0022 Calendar-date-busy Calendar-date-selected\u0022\u003E\n                              \u003Ca href=\u0022ajax\/calendar\/2026\/09\/12?limit=9\u0022 class=\u0022use-ajax\u0022 data-agenda-add-limit\u003E12\u003C\/a\u003E\n                          \u003C\/td\u003E\n                                                                                                                                    \u003Ctd class=\u0022 Calendar-date-busy\u0022\u003E\n                              \u003Ca href=\u0022ajax\/calendar\/2026\/09\/13?limit=9\u0022 class=\u0022use-ajax\u0022 data-agenda-add-limit\u003E13\u003C\/a\u003E\n                          \u003C\/td\u003E\n                                                    \u003C\/tr\u003E\n            \u003Ctr\u003E\n                                                                                            \u003Ctd class=\u0022\u0022\u003E\n                              14\n                          \u003C\/td\u003E\n                                                                                                                                    \u003Ctd class=\u0022\u0022\u003E\n                              15\n                          \u003C\/td\u003E\n                                                                                                                                    \u003Ctd class=\u0022\u0022\u003E\n                              16\n                          \u003C\/td\u003E\n                                                                                                                                    \u003Ctd class=\u0022\u0022\u003E\n                              17\n                          \u003C\/td\u003E\n                                                                                                                                    \u003Ctd class=\u0022 Calendar-date-busy\u0022\u003E\n                              \u003Ca href=\u0022ajax\/calendar\/2026\/09\/18?limit=9\u0022 class=\u0022use-ajax\u0022 data-agenda-add-limit\u003E18\u003C\/a\u003E\n                          \u003C\/td\u003E\n                                                                                                                                    \u003Ctd class=\u0022 Calendar-date-busy\u0022\u003E\n                              \u003Ca href=\u0022ajax\/calendar\/2026\/09\/19?limit=9\u0022 class=\u0022use-ajax\u0022 data-agenda-add-limit\u003E19\u003C\/a\u003E\n                          \u003C\/td\u003E\n                                                                                                                                    \u003Ctd class=\u0022 Calendar-date-busy\u0022\u003E\n                              \u003Ca href=\u0022ajax\/calendar\/2026\/09\/20?limit=9\u0022 class=\u0022use-ajax\u0022 data-agenda-add-limit\u003E20\u003C\/a\u003E\n                          \u003C\/td\u003E\n                                                    \u003C\/tr\u003E\n            \u003Ctr\u003E\n                                                                                            \u003Ctd class=\u0022\u0022\u003E\n                              21\n                          \u003C\/td\u003E\n                                                                                                                                    \u003Ctd class=\u0022 Calendar-date-busy\u0022\u003E\n                              \u003Ca href=\u0022ajax\/calendar\/2026\/09\/22?limit=9\u0022 class=\u0022use-ajax\u0022 data-agenda-add-limit\u003E22\u003C\/a\u003E\n                          \u003C\/td\u003E\n                                                                                                                                    \u003Ctd class=\u0022 Calendar-date-busy\u0022\u003E\n                              \u003Ca href=\u0022ajax\/calendar\/2026\/09\/23?limit=9\u0022 class=\u0022use-ajax\u0022 data-agenda-add-limit\u003E23\u003C\/a\u003E\n                          \u003C\/td\u003E\n                                                                                                                                    \u003Ctd class=\u0022 Calendar-date-busy\u0022\u003E\n                              \u003Ca href=\u0022ajax\/calendar\/2026\/09\/24?limit=9\u0022 class=\u0022use-ajax\u0022 data-agenda-add-limit\u003E24\u003C\/a\u003E\n                          \u003C\/td\u003E\n                                                                                                                                    \u003Ctd class=\u0022 Calendar-date-busy\u0022\u003E\n                              \u003Ca href=\u0022ajax\/calendar\/2026\/09\/25?limit=9\u0022 class=\u0022use-ajax\u0022 data-agenda-add-limit\u003E25\u003C\/a\u003E\n                          \u003C\/td\u003E\n                                                                                                                                    \u003Ctd class=\u0022 Calendar-date-busy\u0022\u003E\n                              \u003Ca href=\u0022ajax\/calendar\/2026\/09\/26?limit=9\u0022 class=\u0022use-ajax\u0022 data-agenda-add-limit\u003E26\u003C\/a\u003E\n                          \u003C\/td\u003E\n                                                                                                                                    \u003Ctd class=\u0022 Calendar-date-busy\u0022\u003E\n                              \u003Ca href=\u0022ajax\/calendar\/2026\/09\/27?limit=9\u0022 class=\u0022use-ajax\u0022 data-agenda-add-limit\u003E27\u003C\/a\u003E\n                          \u003C\/td\u003E\n                                                    \u003C\/tr\u003E\n            \u003Ctr\u003E\n                                                                                            \u003Ctd class=\u0022\u0022\u003E\n                              28\n                          \u003C\/td\u003E\n                                                                                                                                    \u003Ctd class=\u0022 Calendar-date-busy\u0022\u003E\n                              \u003Ca href=\u0022ajax\/calendar\/2026\/09\/29?limit=9\u0022 class=\u0022use-ajax\u0022 data-agenda-add-limit\u003E29\u003C\/a\u003E\n                          \u003C\/td\u003E\n                                                                                                                                    \u003Ctd class=\u0022\u0022\u003E\n                              30\n                          \u003C\/td\u003E\n                            \u003Ctd colspan=\u00224\u0022\u003E\u0026nbsp;\u003C\/td\u003E\n                                                                    \u003C\/tr\u003E\n    \u003C\/tbody\u003E\n\u003C\/table\u003E\n","settings":null},{"command":"insert","method":"html","selector":"[data-agenda-events]","data":"      \n\u003Carticle data-history-node-id=\u002280854\u0022 class=\u0022EventTeaser\u0022\u003E\n  \u003Cdiv class=\u0022EventTeaser-header\u0022\u003E\n    \u003Cdiv class=\u0022EventTeaser-date\u0022\u003E\n              \u003Cdiv class=\u0022EventTeaser-date--day\u0022\u003E\n          \u003Cspan\u003E11\u003C\/span\u003E\n                                    \u003Cspan\u003E-\u003C\/span\u003E\n              \u003Cspan\u003E13\u003C\/span\u003E\n                              \u003C\/div\u003E\n                    \u003Cdiv class=\u0022EventTeaser-date--month\u0022\u003E\n          \u003Cspan\u003ESept\u003C\/span\u003E\n                                        \u003C\/div\u003E\n          \u003C\/div\u003E\n\n    \u003Cdiv class=\u0022EventTeaser-links\u0022\u003E\n      \u003Cdiv class=\u0022EventTeaser-link\u0022\u003E\n                  \u003Ca href=\u0022\/marion-brunet\u0022\u003E\n            \u003Cdiv class=\u0022EventTeaser-link--label\u0022\u003EFiche\u003Cbr \/\u003EAuteur\u003C\/div\u003E\n            \u003Csvg class=\u0022icon icon-chevron\u0022 aria-hidden=\u0022true\u0022 focusable=\u0022false\u0022 width=\u002212\u0022 height=\u002224\u0022\u003E\u003Cuse xlink:href=\u0022\/themes\/custom\/albin_michel\/public\/dist\/icons.svg#icon-chevron\u0022\u003E\u003C\/use\u003E\u003C\/svg\u003E\n          \u003C\/a\u003E\n              \u003C\/div\u003E\n      \u003Cdiv class=\u0022EventTeaser-link\u0022\u003E\n                  \u003Ca href=\u0022\/nos-armes-9782226471000\u0022\u003E\n            \u003Cdiv class=\u0022EventTeaser-link--label\u0022\u003EFiche\u003Cbr \/\u003EOuvrage\u003C\/div\u003E\n            \u003Csvg class=\u0022icon icon-chevron\u0022 aria-hidden=\u0022true\u0022 focusable=\u0022false\u0022 width=\u002212\u0022 height=\u002224\u0022\u003E\u003Cuse xlink:href=\u0022\/themes\/custom\/albin_michel\/public\/dist\/icons.svg#icon-chevron\u0022\u003E\u003C\/use\u003E\u003C\/svg\u003E\n          \u003C\/a\u003E\n              \u003C\/div\u003E\n    \u003C\/div\u003E\n  \u003C\/div\u003E\n\n  \u003Cdiv class=\u0022EventTeaser-content\u0022\u003E\n    \u003Cdiv class=\u0022EventTeaser-title\u0022\u003E\n      \u003Ch3\u003E\n\u003Cspan\u003EMarion Brunet \u00e0 Nancy\u003C\/span\u003E\n\u003C\/h3\u003E\n    \u003C\/div\u003E\n    \u003Cdiv class=\u0022EventTeaser-description\u0022\u003E\n              \u003Cp\u003ERencontre et d\u00e9dicaces au Salon le Livre sur le Place de Nancy.\u003Cbr\u003E\u003Cbr\u003EPour plus d\u0027informations, rendez-vous sur \u003Ca href=\u0022https:\/\/lelivresurlaplace.nancy.fr\/accueil\u0022\u003Ecette page\u003C\/a\u003E.\u003C\/p\u003E\n          \u003C\/div\u003E\n\n    \u003Cdiv class=\u0022EventTeaser-metas\u0022\u003E\n      \u003Cdiv class=\u0022EventTeaser-meta\u0022\u003E\n                  \u003Cdiv class=\u0022EventTeaser-meta-icon\u0022\u003E\n            \u003Csvg class=\u0022icon icon-clock\u0022 aria-hidden=\u0022true\u0022 focusable=\u0022false\u0022 width=\u002215\u0022 height=\u002215\u0022\u003E\u003Cuse xlink:href=\u0022\/themes\/custom\/albin_michel\/public\/dist\/icons.svg#icon-clock\u0022\u003E\u003C\/use\u003E\u003C\/svg\u003E\n          \u003C\/div\u003E\n          \u003Cdiv class=\u0022EventTeaser-meta-label\u0022\u003E\n            10h00\n          \u003C\/div\u003E\n        \u003C\/div\u003E\n              \u003Cdiv class=\u0022EventTeaser-meta\u0022\u003E\n        \u003Cdiv class=\u0022EventTeaser-meta-icon\u0022\u003E\n          \u003Csvg class=\u0022icon icon-marker\u0022 aria-hidden=\u0022true\u0022 focusable=\u0022false\u0022 width=\u002212.5\u0022 height=\u002215\u0022\u003E\u003Cuse xlink:href=\u0022\/themes\/custom\/albin_michel\/public\/dist\/icons.svg#icon-marker\u0022\u003E\u003C\/use\u003E\u003C\/svg\u003E\n        \u003C\/div\u003E\n        \u003Cdiv class=\u0022EventTeaser-meta-label\u0022\u003E\n                      Place de la Carri\u00e8re\u003Cbr \/\u003E\n                              54000\n          Nancy\n        \u003C\/div\u003E\n      \u003C\/div\u003E\n    \u003C\/div\u003E\n  \u003C\/div\u003E\n\n  \u003Cdiv class=\u0022EventTeaser-follow mq--onlyPhone\u0022\u003E\n    \u003Ca href=\u0022\/agenda\/event\/ical\/80854\u0022\u003E\n      \u003Cdiv class=\u0022EventTeaser-follow-label\u0022\u003E\n        Cr\u00e9er\u003Cbr \/\u003Eun rappel\n      \u003C\/div\u003E\n      \u003Cdiv class=\u0022EventTeaser-follow-button\u0022\u003E\n        \u003Csvg class=\u0022icon icon-plus\u0022 aria-hidden=\u0022true\u0022 focusable=\u0022false\u0022 width=\u002215\u0022 height=\u002215\u0022\u003E\u003Cuse xlink:href=\u0022\/themes\/custom\/albin_michel\/public\/dist\/icons.svg#icon-plus\u0022\u003E\u003C\/use\u003E\u003C\/svg\u003E\n      \u003C\/div\u003E\n    \u003C\/a\u003E\n  \u003C\/div\u003E\n\u003C\/article\u003E\n\n      \n\u003Carticle data-history-node-id=\u002282395\u0022 class=\u0022EventTeaser\u0022\u003E\n  \u003Cdiv class=\u0022EventTeaser-header\u0022\u003E\n    \u003Cdiv class=\u0022EventTeaser-date\u0022\u003E\n              \u003Cdiv class=\u0022EventTeaser-date--day\u0022\u003E\n          \u003Cspan\u003E11\u003C\/span\u003E\n                                    \u003Cspan\u003E-\u003C\/span\u003E\n              \u003Cspan\u003E13\u003C\/span\u003E\n                              \u003C\/div\u003E\n                    \u003Cdiv class=\u0022EventTeaser-date--month\u0022\u003E\n          \u003Cspan\u003ESept\u003C\/span\u003E\n                                        \u003C\/div\u003E\n          \u003C\/div\u003E\n\n    \u003Cdiv class=\u0022EventTeaser-links\u0022\u003E\n      \u003Cdiv class=\u0022EventTeaser-link\u0022\u003E\n                  \u003Ca href=\u0022\/daniel-picouly\u0022\u003E\n            \u003Cdiv class=\u0022EventTeaser-link--label\u0022\u003EFiche\u003Cbr \/\u003EAuteur\u003C\/div\u003E\n            \u003Csvg class=\u0022icon icon-chevron\u0022 aria-hidden=\u0022true\u0022 focusable=\u0022false\u0022 width=\u002212\u0022 height=\u002224\u0022\u003E\u003Cuse xlink:href=\u0022\/themes\/custom\/albin_michel\/public\/dist\/icons.svg#icon-chevron\u0022\u003E\u003C\/use\u003E\u003C\/svg\u003E\n          \u003C\/a\u003E\n              \u003C\/div\u003E\n      \u003Cdiv class=\u0022EventTeaser-link\u0022\u003E\n                  \u003Ca href=\u0022\/demba-9782226465900\u0022\u003E\n            \u003Cdiv class=\u0022EventTeaser-link--label\u0022\u003EFiche\u003Cbr \/\u003EOuvrage\u003C\/div\u003E\n            \u003Csvg class=\u0022icon icon-chevron\u0022 aria-hidden=\u0022true\u0022 focusable=\u0022false\u0022 width=\u002212\u0022 height=\u002224\u0022\u003E\u003Cuse xlink:href=\u0022\/themes\/custom\/albin_michel\/public\/dist\/icons.svg#icon-chevron\u0022\u003E\u003C\/use\u003E\u003C\/svg\u003E\n          \u003C\/a\u003E\n              \u003C\/div\u003E\n    \u003C\/div\u003E\n  \u003C\/div\u003E\n\n  \u003Cdiv class=\u0022EventTeaser-content\u0022\u003E\n    \u003Cdiv class=\u0022EventTeaser-title\u0022\u003E\n      \u003Ch3\u003E\n\u003Cspan\u003EDaniel Picouly \u00e0 Nancy\u003C\/span\u003E\n\u003C\/h3\u003E\n    \u003C\/div\u003E\n    \u003Cdiv class=\u0022EventTeaser-description\u0022\u003E\n              \u003Cp\u003ERencontre et d\u00e9dicaces au Salon du livre Le livre sur la Place pour la signature de sa nouveaut\u00e9 en avant-premi\u00e8re.\u003Cbr\u003E\u003Cbr\u003EPour plus d\u0027informations, rendez-vous sur \u003Ca href=\u0022https:\/\/lelivresurlaplace.nancy.fr\/accueil\u0022\u003Ecette page\u003C\/a\u003E.\u003C\/p\u003E\n          \u003C\/div\u003E\n\n    \u003Cdiv class=\u0022EventTeaser-metas\u0022\u003E\n      \u003Cdiv class=\u0022EventTeaser-meta\u0022\u003E\n                  \u003Cdiv class=\u0022EventTeaser-meta-icon\u0022\u003E\n            \u003Csvg class=\u0022icon icon-clock\u0022 aria-hidden=\u0022true\u0022 focusable=\u0022false\u0022 width=\u002215\u0022 height=\u002215\u0022\u003E\u003Cuse xlink:href=\u0022\/themes\/custom\/albin_michel\/public\/dist\/icons.svg#icon-clock\u0022\u003E\u003C\/use\u003E\u003C\/svg\u003E\n          \u003C\/div\u003E\n          \u003Cdiv class=\u0022EventTeaser-meta-label\u0022\u003E\n            10h00\n          \u003C\/div\u003E\n        \u003C\/div\u003E\n              \u003Cdiv class=\u0022EventTeaser-meta\u0022\u003E\n        \u003Cdiv class=\u0022EventTeaser-meta-icon\u0022\u003E\n          \u003Csvg class=\u0022icon icon-marker\u0022 aria-hidden=\u0022true\u0022 focusable=\u0022false\u0022 width=\u002212.5\u0022 height=\u002215\u0022\u003E\u003Cuse xlink:href=\u0022\/themes\/custom\/albin_michel\/public\/dist\/icons.svg#icon-marker\u0022\u003E\u003C\/use\u003E\u003C\/svg\u003E\n        \u003C\/div\u003E\n        \u003Cdiv class=\u0022EventTeaser-meta-label\u0022\u003E\n                      Place de la Carri\u00e8re \u003Cbr \/\u003E\n                                27 Place de la Carri\u00e8re\u003Cbr \/\u003E\n                    54395\n          Nancy\n        \u003C\/div\u003E\n      \u003C\/div\u003E\n    \u003C\/div\u003E\n  \u003C\/div\u003E\n\n  \u003Cdiv class=\u0022EventTeaser-follow mq--onlyPhone\u0022\u003E\n    \u003Ca href=\u0022\/agenda\/event\/ical\/82395\u0022\u003E\n      \u003Cdiv class=\u0022EventTeaser-follow-label\u0022\u003E\n        Cr\u00e9er\u003Cbr \/\u003Eun rappel\n      \u003C\/div\u003E\n      \u003Cdiv class=\u0022EventTeaser-follow-button\u0022\u003E\n        \u003Csvg class=\u0022icon icon-plus\u0022 aria-hidden=\u0022true\u0022 focusable=\u0022false\u0022 width=\u002215\u0022 height=\u002215\u0022\u003E\u003Cuse xlink:href=\u0022\/themes\/custom\/albin_michel\/public\/dist\/icons.svg#icon-plus\u0022\u003E\u003C\/use\u003E\u003C\/svg\u003E\n      \u003C\/div\u003E\n    \u003C\/a\u003E\n  \u003C\/div\u003E\n\u003C\/article\u003E\n\n      \n\u003Carticle data-history-node-id=\u002280614\u0022 class=\u0022EventTeaser\u0022\u003E\n  \u003Cdiv class=\u0022EventTeaser-header\u0022\u003E\n    \u003Cdiv class=\u0022EventTeaser-date\u0022\u003E\n              \u003Cdiv class=\u0022EventTeaser-date--day\u0022\u003E\n          \u003Cspan\u003E11\u003C\/span\u003E\n                                    \u003Cspan\u003E-\u003C\/span\u003E\n              \u003Cspan\u003E13\u003C\/span\u003E\n                              \u003C\/div\u003E\n                    \u003Cdiv class=\u0022EventTeaser-date--month\u0022\u003E\n          \u003Cspan\u003ESept\u003C\/span\u003E\n                                        \u003C\/div\u003E\n          \u003C\/div\u003E\n\n    \u003Cdiv class=\u0022EventTeaser-links\u0022\u003E\n      \u003Cdiv class=\u0022EventTeaser-link\u0022\u003E\n                  \u003Ca href=\u0022\/veronique-de-bure\u0022\u003E\n            \u003Cdiv class=\u0022EventTeaser-link--label\u0022\u003EFiche\u003Cbr \/\u003EAuteur\u003C\/div\u003E\n            \u003Csvg class=\u0022icon icon-chevron\u0022 aria-hidden=\u0022true\u0022 focusable=\u0022false\u0022 width=\u002212\u0022 height=\u002224\u0022\u003E\u003Cuse xlink:href=\u0022\/themes\/custom\/albin_michel\/public\/dist\/icons.svg#icon-chevron\u0022\u003E\u003C\/use\u003E\u003C\/svg\u003E\n          \u003C\/a\u003E\n              \u003C\/div\u003E\n      \u003Cdiv class=\u0022EventTeaser-link\u0022\u003E\n                  \u003Ca href=\u0022\/le-roman-de-sophie-9782226494788\u0022\u003E\n            \u003Cdiv class=\u0022EventTeaser-link--label\u0022\u003EFiche\u003Cbr \/\u003EOuvrage\u003C\/div\u003E\n            \u003Csvg class=\u0022icon icon-chevron\u0022 aria-hidden=\u0022true\u0022 focusable=\u0022false\u0022 width=\u002212\u0022 height=\u002224\u0022\u003E\u003Cuse xlink:href=\u0022\/themes\/custom\/albin_michel\/public\/dist\/icons.svg#icon-chevron\u0022\u003E\u003C\/use\u003E\u003C\/svg\u003E\n          \u003C\/a\u003E\n              \u003C\/div\u003E\n    \u003C\/div\u003E\n  \u003C\/div\u003E\n\n  \u003Cdiv class=\u0022EventTeaser-content\u0022\u003E\n    \u003Cdiv class=\u0022EventTeaser-title\u0022\u003E\n      \u003Ch3\u003E\n\u003Cspan\u003EV\u00e9ronique De Bure \u00e0 Nancy \u003C\/span\u003E\n\u003C\/h3\u003E\n    \u003C\/div\u003E\n    \u003Cdiv class=\u0022EventTeaser-description\u0022\u003E\n              \u003Cp\u003ERencontre et d\u00e9dicace au salon Le Livre sur la Place en partenariat avec la librairie Didier.\u0026nbsp;\u003C\/p\u003E\u003Cp\u003EPour plus d\u0027informations, rendez-vous \u003Ca href=\u0022https:\/\/lelivresurlaplace.nancy.fr\/toute-lannee\/actualites\/detail-actualite\/le-livre-sur-la-place-devoile-son-affiche-et-les-presidents-de-ledition-2026\u0022\u003E\u00e0 ce lien\u003C\/a\u003E\u003C\/p\u003E\n          \u003C\/div\u003E\n\n    \u003Cdiv class=\u0022EventTeaser-metas\u0022\u003E\n      \u003Cdiv class=\u0022EventTeaser-meta\u0022\u003E\n                  \u003Cdiv class=\u0022EventTeaser-meta-icon\u0022\u003E\n            \u003Csvg class=\u0022icon icon-clock\u0022 aria-hidden=\u0022true\u0022 focusable=\u0022false\u0022 width=\u002215\u0022 height=\u002215\u0022\u003E\u003Cuse xlink:href=\u0022\/themes\/custom\/albin_michel\/public\/dist\/icons.svg#icon-clock\u0022\u003E\u003C\/use\u003E\u003C\/svg\u003E\n          \u003C\/div\u003E\n          \u003Cdiv class=\u0022EventTeaser-meta-label\u0022\u003E\n            10h00\n          \u003C\/div\u003E\n        \u003C\/div\u003E\n              \u003Cdiv class=\u0022EventTeaser-meta\u0022\u003E\n        \u003Cdiv class=\u0022EventTeaser-meta-icon\u0022\u003E\n          \u003Csvg class=\u0022icon icon-marker\u0022 aria-hidden=\u0022true\u0022 focusable=\u0022false\u0022 width=\u002212.5\u0022 height=\u002215\u0022\u003E\u003Cuse xlink:href=\u0022\/themes\/custom\/albin_michel\/public\/dist\/icons.svg#icon-marker\u0022\u003E\u003C\/use\u003E\u003C\/svg\u003E\n        \u003C\/div\u003E\n        \u003Cdiv class=\u0022EventTeaser-meta-label\u0022\u003E\n                      Place de la carri\u00e8re \u003Cbr \/\u003E\n                              54000\n          Nancy \n        \u003C\/div\u003E\n      \u003C\/div\u003E\n    \u003C\/div\u003E\n  \u003C\/div\u003E\n\n  \u003Cdiv class=\u0022EventTeaser-follow mq--onlyPhone\u0022\u003E\n    \u003Ca href=\u0022\/agenda\/event\/ical\/80614\u0022\u003E\n      \u003Cdiv class=\u0022EventTeaser-follow-label\u0022\u003E\n        Cr\u00e9er\u003Cbr \/\u003Eun rappel\n      \u003C\/div\u003E\n      \u003Cdiv class=\u0022EventTeaser-follow-button\u0022\u003E\n        \u003Csvg class=\u0022icon icon-plus\u0022 aria-hidden=\u0022true\u0022 focusable=\u0022false\u0022 width=\u002215\u0022 height=\u002215\u0022\u003E\u003Cuse xlink:href=\u0022\/themes\/custom\/albin_michel\/public\/dist\/icons.svg#icon-plus\u0022\u003E\u003C\/use\u003E\u003C\/svg\u003E\n      \u003C\/div\u003E\n    \u003C\/a\u003E\n  \u003C\/div\u003E\n\u003C\/article\u003E\n\n      \n\u003Carticle data-history-node-id=\u002280783\u0022 class=\u0022EventTeaser\u0022\u003E\n  \u003Cdiv class=\u0022EventTeaser-header\u0022\u003E\n    \u003Cdiv class=\u0022EventTeaser-date\u0022\u003E\n              \u003Cdiv class=\u0022EventTeaser-date--day\u0022\u003E\n          \u003Cspan\u003E11\u003C\/span\u003E\n                                    \u003Cspan\u003E-\u003C\/span\u003E\n              \u003Cspan\u003E13\u003C\/span\u003E\n                              \u003C\/div\u003E\n                    \u003Cdiv class=\u0022EventTeaser-date--month\u0022\u003E\n          \u003Cspan\u003ESept\u003C\/span\u003E\n                                        \u003C\/div\u003E\n          \u003C\/div\u003E\n\n    \u003Cdiv class=\u0022EventTeaser-links\u0022\u003E\n      \u003Cdiv class=\u0022EventTeaser-link\u0022\u003E\n                  \u003Ca href=\u0022\/serge-joncour\u0022\u003E\n            \u003Cdiv class=\u0022EventTeaser-link--label\u0022\u003EFiche\u003Cbr \/\u003EAuteur\u003C\/div\u003E\n            \u003Csvg class=\u0022icon icon-chevron\u0022 aria-hidden=\u0022true\u0022 focusable=\u0022false\u0022 width=\u002212\u0022 height=\u002224\u0022\u003E\u003Cuse xlink:href=\u0022\/themes\/custom\/albin_michel\/public\/dist\/icons.svg#icon-chevron\u0022\u003E\u003C\/use\u003E\u003C\/svg\u003E\n          \u003C\/a\u003E\n              \u003C\/div\u003E\n      \u003Cdiv class=\u0022EventTeaser-link\u0022\u003E\n                  \u003Ca href=\u0022\/une-histoire-damours-9782226478351\u0022\u003E\n            \u003Cdiv class=\u0022EventTeaser-link--label\u0022\u003EFiche\u003Cbr \/\u003EOuvrage\u003C\/div\u003E\n            \u003Csvg class=\u0022icon icon-chevron\u0022 aria-hidden=\u0022true\u0022 focusable=\u0022false\u0022 width=\u002212\u0022 height=\u002224\u0022\u003E\u003Cuse xlink:href=\u0022\/themes\/custom\/albin_michel\/public\/dist\/icons.svg#icon-chevron\u0022\u003E\u003C\/use\u003E\u003C\/svg\u003E\n          \u003C\/a\u003E\n              \u003C\/div\u003E\n    \u003C\/div\u003E\n  \u003C\/div\u003E\n\n  \u003Cdiv class=\u0022EventTeaser-content\u0022\u003E\n    \u003Cdiv class=\u0022EventTeaser-title\u0022\u003E\n      \u003Ch3\u003E\n\u003Cspan\u003ESerge Joncour \u00e0 Nancy\u003C\/span\u003E\n\u003C\/h3\u003E\n    \u003C\/div\u003E\n    \u003Cdiv class=\u0022EventTeaser-description\u0022\u003E\n              \u003Cp\u003ERencontre et d\u00e9dicaces au salon Livre sur la Place en partenariat avec la librairie Didier.\u0026nbsp;\u003C\/p\u003E\u003Cp\u003EPour plus d\u0027informations, rendez-vous \u003Ca href=\u0022https:\/\/lelivresurlaplace.nancy.fr\/le-salon\/a-propos\u0022\u003E\u00e0 ce lien\u003C\/a\u003E.\u0026nbsp;\u003C\/p\u003E\n          \u003C\/div\u003E\n\n    \u003Cdiv class=\u0022EventTeaser-metas\u0022\u003E\n      \u003Cdiv class=\u0022EventTeaser-meta\u0022\u003E\n                  \u003Cdiv class=\u0022EventTeaser-meta-icon\u0022\u003E\n            \u003Csvg class=\u0022icon icon-clock\u0022 aria-hidden=\u0022true\u0022 focusable=\u0022false\u0022 width=\u002215\u0022 height=\u002215\u0022\u003E\u003Cuse xlink:href=\u0022\/themes\/custom\/albin_michel\/public\/dist\/icons.svg#icon-clock\u0022\u003E\u003C\/use\u003E\u003C\/svg\u003E\n          \u003C\/div\u003E\n          \u003Cdiv class=\u0022EventTeaser-meta-label\u0022\u003E\n            10h00\n          \u003C\/div\u003E\n        \u003C\/div\u003E\n              \u003Cdiv class=\u0022EventTeaser-meta\u0022\u003E\n        \u003Cdiv class=\u0022EventTeaser-meta-icon\u0022\u003E\n          \u003Csvg class=\u0022icon icon-marker\u0022 aria-hidden=\u0022true\u0022 focusable=\u0022false\u0022 width=\u002212.5\u0022 height=\u002215\u0022\u003E\u003Cuse xlink:href=\u0022\/themes\/custom\/albin_michel\/public\/dist\/icons.svg#icon-marker\u0022\u003E\u003C\/use\u003E\u003C\/svg\u003E\n        \u003C\/div\u003E\n        \u003Cdiv class=\u0022EventTeaser-meta-label\u0022\u003E\n                      Place de la carri\u00e8re \u003Cbr \/\u003E\n                              54000\n          Nancy \n        \u003C\/div\u003E\n      \u003C\/div\u003E\n    \u003C\/div\u003E\n  \u003C\/div\u003E\n\n  \u003Cdiv class=\u0022EventTeaser-follow mq--onlyPhone\u0022\u003E\n    \u003Ca href=\u0022\/agenda\/event\/ical\/80783\u0022\u003E\n      \u003Cdiv class=\u0022EventTeaser-follow-label\u0022\u003E\n        Cr\u00e9er\u003Cbr \/\u003Eun rappel\n      \u003C\/div\u003E\n      \u003Cdiv class=\u0022EventTeaser-follow-button\u0022\u003E\n        \u003Csvg class=\u0022icon icon-plus\u0022 aria-hidden=\u0022true\u0022 focusable=\u0022false\u0022 width=\u002215\u0022 height=\u002215\u0022\u003E\u003Cuse xlink:href=\u0022\/themes\/custom\/albin_michel\/public\/dist\/icons.svg#icon-plus\u0022\u003E\u003C\/use\u003E\u003C\/svg\u003E\n      \u003C\/div\u003E\n    \u003C\/a\u003E\n  \u003C\/div\u003E\n\u003C\/article\u003E\n\n      \n\u003Carticle data-history-node-id=\u002280644\u0022 class=\u0022EventTeaser\u0022\u003E\n  \u003Cdiv class=\u0022EventTeaser-header\u0022\u003E\n    \u003Cdiv class=\u0022EventTeaser-date\u0022\u003E\n              \u003Cdiv class=\u0022EventTeaser-date--day\u0022\u003E\n          \u003Cspan\u003E11\u003C\/span\u003E\n                                    \u003Cspan\u003E-\u003C\/span\u003E\n              \u003Cspan\u003E13\u003C\/span\u003E\n                              \u003C\/div\u003E\n                    \u003Cdiv class=\u0022EventTeaser-date--month\u0022\u003E\n          \u003Cspan\u003ESept\u003C\/span\u003E\n                                        \u003C\/div\u003E\n          \u003C\/div\u003E\n\n    \u003Cdiv class=\u0022EventTeaser-links\u0022\u003E\n      \u003Cdiv class=\u0022EventTeaser-link\u0022\u003E\n                  \u003Ca href=\u0022\/line-papin\u0022\u003E\n            \u003Cdiv class=\u0022EventTeaser-link--label\u0022\u003EFiche\u003Cbr \/\u003EAuteur\u003C\/div\u003E\n            \u003Csvg class=\u0022icon icon-chevron\u0022 aria-hidden=\u0022true\u0022 focusable=\u0022false\u0022 width=\u002212\u0022 height=\u002224\u0022\u003E\u003Cuse xlink:href=\u0022\/themes\/custom\/albin_michel\/public\/dist\/icons.svg#icon-chevron\u0022\u003E\u003C\/use\u003E\u003C\/svg\u003E\n          \u003C\/a\u003E\n              \u003C\/div\u003E\n      \u003Cdiv class=\u0022EventTeaser-link\u0022\u003E\n                  \u003Ca href=\u0022\/hanoi-stories-9782226510174\u0022\u003E\n            \u003Cdiv class=\u0022EventTeaser-link--label\u0022\u003EFiche\u003Cbr \/\u003EOuvrage\u003C\/div\u003E\n            \u003Csvg class=\u0022icon icon-chevron\u0022 aria-hidden=\u0022true\u0022 focusable=\u0022false\u0022 width=\u002212\u0022 height=\u002224\u0022\u003E\u003Cuse xlink:href=\u0022\/themes\/custom\/albin_michel\/public\/dist\/icons.svg#icon-chevron\u0022\u003E\u003C\/use\u003E\u003C\/svg\u003E\n          \u003C\/a\u003E\n              \u003C\/div\u003E\n    \u003C\/div\u003E\n  \u003C\/div\u003E\n\n  \u003Cdiv class=\u0022EventTeaser-content\u0022\u003E\n    \u003Cdiv class=\u0022EventTeaser-title\u0022\u003E\n      \u003Ch3\u003E\n\u003Cspan\u003ELine Papin \u00e0 Nancy\u003C\/span\u003E\n\u003C\/h3\u003E\n    \u003C\/div\u003E\n    \u003Cdiv class=\u0022EventTeaser-description\u0022\u003E\n              \u003Cp\u003ERencontre et d\u00e9dicace au festival du Livre sur la Place en partenariat avec la librairie Didier.\u0026nbsp;\u003C\/p\u003E\u003Cp\u003EPour plus d\u0027informations, rendez-vous \u003Ca href=\u0022https:\/\/lelivresurlaplace.nancy.fr\/le-salon\/infos-pratiques\u0022\u003E\u00e0 ce lien\u003C\/a\u003E\u003C\/p\u003E\n          \u003C\/div\u003E\n\n    \u003Cdiv class=\u0022EventTeaser-metas\u0022\u003E\n      \u003Cdiv class=\u0022EventTeaser-meta\u0022\u003E\n                  \u003Cdiv class=\u0022EventTeaser-meta-icon\u0022\u003E\n            \u003Csvg class=\u0022icon icon-clock\u0022 aria-hidden=\u0022true\u0022 focusable=\u0022false\u0022 width=\u002215\u0022 height=\u002215\u0022\u003E\u003Cuse xlink:href=\u0022\/themes\/custom\/albin_michel\/public\/dist\/icons.svg#icon-clock\u0022\u003E\u003C\/use\u003E\u003C\/svg\u003E\n          \u003C\/div\u003E\n          \u003Cdiv class=\u0022EventTeaser-meta-label\u0022\u003E\n            10h00\n          \u003C\/div\u003E\n        \u003C\/div\u003E\n              \u003Cdiv class=\u0022EventTeaser-meta\u0022\u003E\n        \u003Cdiv class=\u0022EventTeaser-meta-icon\u0022\u003E\n          \u003Csvg class=\u0022icon icon-marker\u0022 aria-hidden=\u0022true\u0022 focusable=\u0022false\u0022 width=\u002212.5\u0022 height=\u002215\u0022\u003E\u003Cuse xlink:href=\u0022\/themes\/custom\/albin_michel\/public\/dist\/icons.svg#icon-marker\u0022\u003E\u003C\/use\u003E\u003C\/svg\u003E\n        \u003C\/div\u003E\n        \u003Cdiv class=\u0022EventTeaser-meta-label\u0022\u003E\n                      Place de la carri\u00e8re \u003Cbr \/\u003E\n                              54000\n          Nancy \n        \u003C\/div\u003E\n      \u003C\/div\u003E\n    \u003C\/div\u003E\n  \u003C\/div\u003E\n\n  \u003Cdiv class=\u0022EventTeaser-follow mq--onlyPhone\u0022\u003E\n    \u003Ca href=\u0022\/agenda\/event\/ical\/80644\u0022\u003E\n      \u003Cdiv class=\u0022EventTeaser-follow-label\u0022\u003E\n        Cr\u00e9er\u003Cbr \/\u003Eun rappel\n      \u003C\/div\u003E\n      \u003Cdiv class=\u0022EventTeaser-follow-button\u0022\u003E\n        \u003Csvg class=\u0022icon icon-plus\u0022 aria-hidden=\u0022true\u0022 focusable=\u0022false\u0022 width=\u002215\u0022 height=\u002215\u0022\u003E\u003Cuse xlink:href=\u0022\/themes\/custom\/albin_michel\/public\/dist\/icons.svg#icon-plus\u0022\u003E\u003C\/use\u003E\u003C\/svg\u003E\n      \u003C\/div\u003E\n    \u003C\/a\u003E\n  \u003C\/div\u003E\n\u003C\/article\u003E\n\n      \n\u003Carticle data-history-node-id=\u002280844\u0022 class=\u0022EventTeaser\u0022\u003E\n  \u003Cdiv class=\u0022EventTeaser-header\u0022\u003E\n    \u003Cdiv class=\u0022EventTeaser-date\u0022\u003E\n              \u003Cdiv class=\u0022EventTeaser-date--day\u0022\u003E\n          \u003Cspan\u003E12\u003C\/span\u003E\n                                        \u003C\/div\u003E\n                    \u003Cdiv class=\u0022EventTeaser-date--month\u0022\u003E\n          \u003Cspan\u003ESept\u003C\/span\u003E\n                                        \u003C\/div\u003E\n          \u003C\/div\u003E\n\n    \u003Cdiv class=\u0022EventTeaser-links\u0022\u003E\n      \u003Cdiv class=\u0022EventTeaser-link\u0022\u003E\n                  \u003Ca href=\u0022\/claude-guibal\u0022\u003E\n            \u003Cdiv class=\u0022EventTeaser-link--label\u0022\u003EFiche\u003Cbr \/\u003EAuteur\u003C\/div\u003E\n            \u003Csvg class=\u0022icon icon-chevron\u0022 aria-hidden=\u0022true\u0022 focusable=\u0022false\u0022 width=\u002212\u0022 height=\u002224\u0022\u003E\u003Cuse xlink:href=\u0022\/themes\/custom\/albin_michel\/public\/dist\/icons.svg#icon-chevron\u0022\u003E\u003C\/use\u003E\u003C\/svg\u003E\n          \u003C\/a\u003E\n              \u003C\/div\u003E\n      \u003Cdiv class=\u0022EventTeaser-link\u0022\u003E\n                  \u003Ca href=\u0022\/ce-que-la-guerre-fait-aux-hommes-9782226497673\u0022\u003E\n            \u003Cdiv class=\u0022EventTeaser-link--label\u0022\u003EFiche\u003Cbr \/\u003EOuvrage\u003C\/div\u003E\n            \u003Csvg class=\u0022icon icon-chevron\u0022 aria-hidden=\u0022true\u0022 focusable=\u0022false\u0022 width=\u002212\u0022 height=\u002224\u0022\u003E\u003Cuse xlink:href=\u0022\/themes\/custom\/albin_michel\/public\/dist\/icons.svg#icon-chevron\u0022\u003E\u003C\/use\u003E\u003C\/svg\u003E\n          \u003C\/a\u003E\n              \u003C\/div\u003E\n    \u003C\/div\u003E\n  \u003C\/div\u003E\n\n  \u003Cdiv class=\u0022EventTeaser-content\u0022\u003E\n    \u003Cdiv class=\u0022EventTeaser-title\u0022\u003E\n      \u003Ch3\u003E\n\u003Cspan\u003EClaude Guibal \u00e0 Nancy \u003C\/span\u003E\n\u003C\/h3\u003E\n    \u003C\/div\u003E\n    \u003Cdiv class=\u0022EventTeaser-description\u0022\u003E\n              \u003Cp\u003ERencontre au salon Le Livre sur la Place.\u0026nbsp;\u003C\/p\u003E\u003Cp\u003EPour plus d\u0027informations, rendez-vous \u003Ca href=\u0022https:\/\/lelivresurlaplace.nancy.fr\/accueil\u0022\u003E\u00e0 ce lien.\u003C\/a\u003E\u003C\/p\u003E\n          \u003C\/div\u003E\n\n    \u003Cdiv class=\u0022EventTeaser-metas\u0022\u003E\n      \u003Cdiv class=\u0022EventTeaser-meta\u0022\u003E\n                  \u003Cdiv class=\u0022EventTeaser-meta-icon\u0022\u003E\n            \u003Csvg class=\u0022icon icon-clock\u0022 aria-hidden=\u0022true\u0022 focusable=\u0022false\u0022 width=\u002215\u0022 height=\u002215\u0022\u003E\u003Cuse xlink:href=\u0022\/themes\/custom\/albin_michel\/public\/dist\/icons.svg#icon-clock\u0022\u003E\u003C\/use\u003E\u003C\/svg\u003E\n          \u003C\/div\u003E\n          \u003Cdiv class=\u0022EventTeaser-meta-label\u0022\u003E\n            10h00\n          \u003C\/div\u003E\n        \u003C\/div\u003E\n              \u003Cdiv class=\u0022EventTeaser-meta\u0022\u003E\n        \u003Cdiv class=\u0022EventTeaser-meta-icon\u0022\u003E\n          \u003Csvg class=\u0022icon icon-marker\u0022 aria-hidden=\u0022true\u0022 focusable=\u0022false\u0022 width=\u002212.5\u0022 height=\u002215\u0022\u003E\u003Cuse xlink:href=\u0022\/themes\/custom\/albin_michel\/public\/dist\/icons.svg#icon-marker\u0022\u003E\u003C\/use\u003E\u003C\/svg\u003E\n        \u003C\/div\u003E\n        \u003Cdiv class=\u0022EventTeaser-meta-label\u0022\u003E\n                              \n          \n        \u003C\/div\u003E\n      \u003C\/div\u003E\n    \u003C\/div\u003E\n  \u003C\/div\u003E\n\n  \u003Cdiv class=\u0022EventTeaser-follow mq--onlyPhone\u0022\u003E\n    \u003Ca href=\u0022\/agenda\/event\/ical\/80844\u0022\u003E\n      \u003Cdiv class=\u0022EventTeaser-follow-label\u0022\u003E\n        Cr\u00e9er\u003Cbr \/\u003Eun rappel\n      \u003C\/div\u003E\n      \u003Cdiv class=\u0022EventTeaser-follow-button\u0022\u003E\n        \u003Csvg class=\u0022icon icon-plus\u0022 aria-hidden=\u0022true\u0022 focusable=\u0022false\u0022 width=\u002215\u0022 height=\u002215\u0022\u003E\u003Cuse xlink:href=\u0022\/themes\/custom\/albin_michel\/public\/dist\/icons.svg#icon-plus\u0022\u003E\u003C\/use\u003E\u003C\/svg\u003E\n      \u003C\/div\u003E\n    \u003C\/a\u003E\n  \u003C\/div\u003E\n\u003C\/article\u003E\n\n      \n\u003Carticle data-history-node-id=\u002280850\u0022 class=\u0022EventTeaser\u0022\u003E\n  \u003Cdiv class=\u0022EventTeaser-header\u0022\u003E\n    \u003Cdiv class=\u0022EventTeaser-date\u0022\u003E\n              \u003Cdiv class=\u0022EventTeaser-date--day\u0022\u003E\n          \u003Cspan\u003E12\u003C\/span\u003E\n                                        \u003C\/div\u003E\n                    \u003Cdiv class=\u0022EventTeaser-date--month\u0022\u003E\n          \u003Cspan\u003ESept\u003C\/span\u003E\n                                        \u003C\/div\u003E\n          \u003C\/div\u003E\n\n    \u003Cdiv class=\u0022EventTeaser-links\u0022\u003E\n      \u003Cdiv class=\u0022EventTeaser-link\u0022\u003E\n                  \u003Ca href=\u0022\/sidonie-bonnec\u0022\u003E\n            \u003Cdiv class=\u0022EventTeaser-link--label\u0022\u003EFiche\u003Cbr \/\u003EAuteur\u003C\/div\u003E\n            \u003Csvg class=\u0022icon icon-chevron\u0022 aria-hidden=\u0022true\u0022 focusable=\u0022false\u0022 width=\u002212\u0022 height=\u002224\u0022\u003E\u003Cuse xlink:href=\u0022\/themes\/custom\/albin_michel\/public\/dist\/icons.svg#icon-chevron\u0022\u003E\u003C\/use\u003E\u003C\/svg\u003E\n          \u003C\/a\u003E\n              \u003C\/div\u003E\n      \u003Cdiv class=\u0022EventTeaser-link\u0022\u003E\n                  \u003Ca href=\u0022\/la-femme-effacee-9782226510808\u0022\u003E\n            \u003Cdiv class=\u0022EventTeaser-link--label\u0022\u003EFiche\u003Cbr \/\u003EOuvrage\u003C\/div\u003E\n            \u003Csvg class=\u0022icon icon-chevron\u0022 aria-hidden=\u0022true\u0022 focusable=\u0022false\u0022 width=\u002212\u0022 height=\u002224\u0022\u003E\u003Cuse xlink:href=\u0022\/themes\/custom\/albin_michel\/public\/dist\/icons.svg#icon-chevron\u0022\u003E\u003C\/use\u003E\u003C\/svg\u003E\n          \u003C\/a\u003E\n              \u003C\/div\u003E\n    \u003C\/div\u003E\n  \u003C\/div\u003E\n\n  \u003Cdiv class=\u0022EventTeaser-content\u0022\u003E\n    \u003Cdiv class=\u0022EventTeaser-title\u0022\u003E\n      \u003Ch3\u003E\n\u003Cspan\u003ESidonie Bonnec \u00e0 Nancy\u003C\/span\u003E\n\u003C\/h3\u003E\n    \u003C\/div\u003E\n    \u003Cdiv class=\u0022EventTeaser-description\u0022\u003E\n              \u003Cp\u003ERencontre et d\u00e9dicaces au Salon Le Livre sur le Place de Nancy, en partenariat avec la librairie Didier.\u003Cbr\u003E\u003Cbr\u003EPour plus d\u0027informations, rendez-vous sur \u003Ca href=\u0022https:\/\/lelivresurlaplace.nancy.fr\/accueil\u0022\u003Ecette page\u003C\/a\u003E.\u003C\/p\u003E\n          \u003C\/div\u003E\n\n    \u003Cdiv class=\u0022EventTeaser-metas\u0022\u003E\n      \u003Cdiv class=\u0022EventTeaser-meta\u0022\u003E\n                  \u003Cdiv class=\u0022EventTeaser-meta-icon\u0022\u003E\n            \u003Csvg class=\u0022icon icon-clock\u0022 aria-hidden=\u0022true\u0022 focusable=\u0022false\u0022 width=\u002215\u0022 height=\u002215\u0022\u003E\u003Cuse xlink:href=\u0022\/themes\/custom\/albin_michel\/public\/dist\/icons.svg#icon-clock\u0022\u003E\u003C\/use\u003E\u003C\/svg\u003E\n          \u003C\/div\u003E\n          \u003Cdiv class=\u0022EventTeaser-meta-label\u0022\u003E\n            10h00\n          \u003C\/div\u003E\n        \u003C\/div\u003E\n              \u003Cdiv class=\u0022EventTeaser-meta\u0022\u003E\n        \u003Cdiv class=\u0022EventTeaser-meta-icon\u0022\u003E\n          \u003Csvg class=\u0022icon icon-marker\u0022 aria-hidden=\u0022true\u0022 focusable=\u0022false\u0022 width=\u002212.5\u0022 height=\u002215\u0022\u003E\u003Cuse xlink:href=\u0022\/themes\/custom\/albin_michel\/public\/dist\/icons.svg#icon-marker\u0022\u003E\u003C\/use\u003E\u003C\/svg\u003E\n        \u003C\/div\u003E\n        \u003Cdiv class=\u0022EventTeaser-meta-label\u0022\u003E\n                      Place de la Carri\u00e8re\u003Cbr \/\u003E\n                              54000\n          Nancy\n        \u003C\/div\u003E\n      \u003C\/div\u003E\n    \u003C\/div\u003E\n  \u003C\/div\u003E\n\n  \u003Cdiv class=\u0022EventTeaser-follow mq--onlyPhone\u0022\u003E\n    \u003Ca href=\u0022\/agenda\/event\/ical\/80850\u0022\u003E\n      \u003Cdiv class=\u0022EventTeaser-follow-label\u0022\u003E\n        Cr\u00e9er\u003Cbr \/\u003Eun rappel\n      \u003C\/div\u003E\n      \u003Cdiv class=\u0022EventTeaser-follow-button\u0022\u003E\n        \u003Csvg class=\u0022icon icon-plus\u0022 aria-hidden=\u0022true\u0022 focusable=\u0022false\u0022 width=\u002215\u0022 height=\u002215\u0022\u003E\u003Cuse xlink:href=\u0022\/themes\/custom\/albin_michel\/public\/dist\/icons.svg#icon-plus\u0022\u003E\u003C\/use\u003E\u003C\/svg\u003E\n      \u003C\/div\u003E\n    \u003C\/a\u003E\n  \u003C\/div\u003E\n\u003C\/article\u003E\n\n      \n\u003Carticle data-history-node-id=\u002280883\u0022 class=\u0022EventTeaser\u0022\u003E\n  \u003Cdiv class=\u0022EventTeaser-header\u0022\u003E\n    \u003Cdiv class=\u0022EventTeaser-date\u0022\u003E\n              \u003Cdiv class=\u0022EventTeaser-date--day\u0022\u003E\n          \u003Cspan\u003E12\u003C\/span\u003E\n                                        \u003C\/div\u003E\n                    \u003Cdiv class=\u0022EventTeaser-date--month\u0022\u003E\n          \u003Cspan\u003ESept\u003C\/span\u003E\n                                        \u003C\/div\u003E\n          \u003C\/div\u003E\n\n    \u003Cdiv class=\u0022EventTeaser-links\u0022\u003E\n      \u003Cdiv class=\u0022EventTeaser-link\u0022\u003E\n                  \u003Ca href=\u0022\/frederic-gros\u0022\u003E\n            \u003Cdiv class=\u0022EventTeaser-link--label\u0022\u003EFiche\u003Cbr \/\u003EAuteur\u003C\/div\u003E\n            \u003Csvg class=\u0022icon icon-chevron\u0022 aria-hidden=\u0022true\u0022 focusable=\u0022false\u0022 width=\u002212\u0022 height=\u002224\u0022\u003E\u003Cuse xlink:href=\u0022\/themes\/custom\/albin_michel\/public\/dist\/icons.svg#icon-chevron\u0022\u003E\u003C\/use\u003E\u003C\/svg\u003E\n          \u003C\/a\u003E\n              \u003C\/div\u003E\n      \u003Cdiv class=\u0022EventTeaser-link\u0022\u003E\n                  \u003Ca href=\u0022\/violence-de-la-propriete-9782226469830\u0022\u003E\n            \u003Cdiv class=\u0022EventTeaser-link--label\u0022\u003EFiche\u003Cbr \/\u003EOuvrage\u003C\/div\u003E\n            \u003Csvg class=\u0022icon icon-chevron\u0022 aria-hidden=\u0022true\u0022 focusable=\u0022false\u0022 width=\u002212\u0022 height=\u002224\u0022\u003E\u003Cuse xlink:href=\u0022\/themes\/custom\/albin_michel\/public\/dist\/icons.svg#icon-chevron\u0022\u003E\u003C\/use\u003E\u003C\/svg\u003E\n          \u003C\/a\u003E\n              \u003C\/div\u003E\n    \u003C\/div\u003E\n  \u003C\/div\u003E\n\n  \u003Cdiv class=\u0022EventTeaser-content\u0022\u003E\n    \u003Cdiv class=\u0022EventTeaser-title\u0022\u003E\n      \u003Ch3\u003E\n\u003Cspan\u003EFr\u00e9d\u00e9ric Gros \u00e0 Nancy\u003C\/span\u003E\n\u003C\/h3\u003E\n    \u003C\/div\u003E\n    \u003Cdiv class=\u0022EventTeaser-description\u0022\u003E\n              \u003Cp\u003ERencontre et d\u00e9dicaces au Salon Le livre sur la place de Nancy en partenariat avec la librairie Didier.\u003Cbr\u003E\u003Cbr\u003EPour plus d\u0027informations, rendez-vous sur \u003Ca href=\u0022https:\/\/lelivresurlaplace.nancy.fr\/accueil\u0022\u003Ecette page\u003C\/a\u003E.\u003C\/p\u003E\n          \u003C\/div\u003E\n\n    \u003Cdiv class=\u0022EventTeaser-metas\u0022\u003E\n      \u003Cdiv class=\u0022EventTeaser-meta\u0022\u003E\n                  \u003Cdiv class=\u0022EventTeaser-meta-icon\u0022\u003E\n            \u003Csvg class=\u0022icon icon-clock\u0022 aria-hidden=\u0022true\u0022 focusable=\u0022false\u0022 width=\u002215\u0022 height=\u002215\u0022\u003E\u003Cuse xlink:href=\u0022\/themes\/custom\/albin_michel\/public\/dist\/icons.svg#icon-clock\u0022\u003E\u003C\/use\u003E\u003C\/svg\u003E\n          \u003C\/div\u003E\n          \u003Cdiv class=\u0022EventTeaser-meta-label\u0022\u003E\n            10h00\n          \u003C\/div\u003E\n        \u003C\/div\u003E\n              \u003Cdiv class=\u0022EventTeaser-meta\u0022\u003E\n        \u003Cdiv class=\u0022EventTeaser-meta-icon\u0022\u003E\n          \u003Csvg class=\u0022icon icon-marker\u0022 aria-hidden=\u0022true\u0022 focusable=\u0022false\u0022 width=\u002212.5\u0022 height=\u002215\u0022\u003E\u003Cuse xlink:href=\u0022\/themes\/custom\/albin_michel\/public\/dist\/icons.svg#icon-marker\u0022\u003E\u003C\/use\u003E\u003C\/svg\u003E\n        \u003C\/div\u003E\n        \u003Cdiv class=\u0022EventTeaser-meta-label\u0022\u003E\n                      Place de la Carri\u00e8re\u003Cbr \/\u003E\n                                27 Place de la Carri\u00e8re\u003Cbr \/\u003E\n                    42544\n          Nancy\n        \u003C\/div\u003E\n      \u003C\/div\u003E\n    \u003C\/div\u003E\n  \u003C\/div\u003E\n\n  \u003Cdiv class=\u0022EventTeaser-follow mq--onlyPhone\u0022\u003E\n    \u003Ca href=\u0022\/agenda\/event\/ical\/80883\u0022\u003E\n      \u003Cdiv class=\u0022EventTeaser-follow-label\u0022\u003E\n        Cr\u00e9er\u003Cbr \/\u003Eun rappel\n      \u003C\/div\u003E\n      \u003Cdiv class=\u0022EventTeaser-follow-button\u0022\u003E\n        \u003Csvg class=\u0022icon icon-plus\u0022 aria-hidden=\u0022true\u0022 focusable=\u0022false\u0022 width=\u002215\u0022 height=\u002215\u0022\u003E\u003Cuse xlink:href=\u0022\/themes\/custom\/albin_michel\/public\/dist\/icons.svg#icon-plus\u0022\u003E\u003C\/use\u003E\u003C\/svg\u003E\n      \u003C\/div\u003E\n    \u003C\/a\u003E\n  \u003C\/div\u003E\n\u003C\/article\u003E\n\n      \n\u003Carticle data-history-node-id=\u002280801\u0022 class=\u0022EventTeaser\u0022\u003E\n  \u003Cdiv class=\u0022EventTeaser-header\u0022\u003E\n    \u003Cdiv class=\u0022EventTeaser-date\u0022\u003E\n              \u003Cdiv class=\u0022EventTeaser-date--day\u0022\u003E\n          \u003Cspan\u003E12\u003C\/span\u003E\n                  \u003C\/div\u003E\n                    \u003Cdiv class=\u0022EventTeaser-date--month\u0022\u003E\n          \u003Cspan\u003ESept\u003C\/span\u003E\n                  \u003C\/div\u003E\n          \u003C\/div\u003E\n\n    \u003Cdiv class=\u0022EventTeaser-links\u0022\u003E\n      \u003Cdiv class=\u0022EventTeaser-link\u0022\u003E\n                  \u003Ca href=\u0022\/boris-bergmann\u0022\u003E\n            \u003Cdiv class=\u0022EventTeaser-link--label\u0022\u003EFiche\u003Cbr \/\u003EAuteur\u003C\/div\u003E\n            \u003Csvg class=\u0022icon icon-chevron\u0022 aria-hidden=\u0022true\u0022 focusable=\u0022false\u0022 width=\u002212\u0022 height=\u002224\u0022\u003E\u003Cuse xlink:href=\u0022\/themes\/custom\/albin_michel\/public\/dist\/icons.svg#icon-chevron\u0022\u003E\u003C\/use\u003E\u003C\/svg\u003E\n          \u003C\/a\u003E\n              \u003C\/div\u003E\n      \u003Cdiv class=\u0022EventTeaser-link\u0022\u003E\n                  \u003Ca href=\u0022\/minotaure-9782226511874\u0022\u003E\n            \u003Cdiv class=\u0022EventTeaser-link--label\u0022\u003EFiche\u003Cbr \/\u003EOuvrage\u003C\/div\u003E\n            \u003Csvg class=\u0022icon icon-chevron\u0022 aria-hidden=\u0022true\u0022 focusable=\u0022false\u0022 width=\u002212\u0022 height=\u002224\u0022\u003E\u003Cuse xlink:href=\u0022\/themes\/custom\/albin_michel\/public\/dist\/icons.svg#icon-chevron\u0022\u003E\u003C\/use\u003E\u003C\/svg\u003E\n          \u003C\/a\u003E\n              \u003C\/div\u003E\n    \u003C\/div\u003E\n  \u003C\/div\u003E\n\n  \u003Cdiv class=\u0022EventTeaser-content\u0022\u003E\n    \u003Cdiv class=\u0022EventTeaser-title\u0022\u003E\n      \u003Ch3\u003E\n\u003Cspan\u003EBoris Bergmann \u00e0 Nancy \u003C\/span\u003E\n\u003C\/h3\u003E\n    \u003C\/div\u003E\n    \u003Cdiv class=\u0022EventTeaser-description\u0022\u003E\n              \u003Cp\u003ERencontre et d\u00e9dicaces au salon Le Livre sur la Place.\u0026nbsp;\u003C\/p\u003E\u003Cp\u003EPour plus d\u0027informations, rendez-vous \u003Ca href=\u0022https:\/\/lelivresurlaplace.nancy.fr\/toute-lannee\/actualites\/detail-actualite\/le-livre-sur-la-place-devoile-son-affiche-et-les-presidents-de-ledition-2026\u0022\u003E\u00e0 ce lien\u003C\/a\u003E.\u003C\/p\u003E\u003Cp\u003EHoraire \u00e0 pr\u00e9ciser\u0026nbsp;\u003C\/p\u003E\n          \u003C\/div\u003E\n\n    \u003Cdiv class=\u0022EventTeaser-metas\u0022\u003E\n      \u003Cdiv class=\u0022EventTeaser-meta\u0022\u003E\n                  \u003Cdiv class=\u0022EventTeaser-meta-icon\u0022\u003E\n            \u003Csvg class=\u0022icon icon-clock\u0022 aria-hidden=\u0022true\u0022 focusable=\u0022false\u0022 width=\u002215\u0022 height=\u002215\u0022\u003E\u003Cuse xlink:href=\u0022\/themes\/custom\/albin_michel\/public\/dist\/icons.svg#icon-clock\u0022\u003E\u003C\/use\u003E\u003C\/svg\u003E\n          \u003C\/div\u003E\n          \u003Cdiv class=\u0022EventTeaser-meta-label\u0022\u003E\n            10h00\n          \u003C\/div\u003E\n        \u003C\/div\u003E\n              \u003Cdiv class=\u0022EventTeaser-meta\u0022\u003E\n        \u003Cdiv class=\u0022EventTeaser-meta-icon\u0022\u003E\n          \u003Csvg class=\u0022icon icon-marker\u0022 aria-hidden=\u0022true\u0022 focusable=\u0022false\u0022 width=\u002212.5\u0022 height=\u002215\u0022\u003E\u003Cuse xlink:href=\u0022\/themes\/custom\/albin_michel\/public\/dist\/icons.svg#icon-marker\u0022\u003E\u003C\/use\u003E\u003C\/svg\u003E\n        \u003C\/div\u003E\n        \u003Cdiv class=\u0022EventTeaser-meta-label\u0022\u003E\n                      Place de la carri\u00e8re \u003Cbr \/\u003E\n                              54000\n          Nancy \n        \u003C\/div\u003E\n      \u003C\/div\u003E\n    \u003C\/div\u003E\n  \u003C\/div\u003E\n\n  \u003Cdiv class=\u0022EventTeaser-follow mq--onlyPhone\u0022\u003E\n    \u003Ca href=\u0022\/agenda\/event\/ical\/80801\u0022\u003E\n      \u003Cdiv class=\u0022EventTeaser-follow-label\u0022\u003E\n        Cr\u00e9er\u003Cbr \/\u003Eun rappel\n      \u003C\/div\u003E\n      \u003Cdiv class=\u0022EventTeaser-follow-button\u0022\u003E\n        \u003Csvg class=\u0022icon icon-plus\u0022 aria-hidden=\u0022true\u0022 focusable=\u0022false\u0022 width=\u002215\u0022 height=\u002215\u0022\u003E\u003Cuse xlink:href=\u0022\/themes\/custom\/albin_michel\/public\/dist\/icons.svg#icon-plus\u0022\u003E\u003C\/use\u003E\u003C\/svg\u003E\n      \u003C\/div\u003E\n    \u003C\/a\u003E\n  \u003C\/div\u003E\n\u003C\/article\u003E\n\n  ","settings":null},{"command":"insert","method":"replaceWith","selector":"[data-agenda-loadmore]","data":"\u003Ca href=\u0022ajax\/calendar\/next-page\/2026\/09\/12?page=2\u0026city=\u0026limit=9\u0022 class=\u0022pagination-see-more use-ajax\u0022 data-agenda-loadmore\u003EVoir plus\u003C\/a\u003E","settings":null},{"command":"data","selector":"[data-agenda-container]","name":"year","value":"2026"},{"command":"data","selector":"[data-agenda-container]","name":"month","value":"09"},{"command":"data","selector":"[data-agenda-container]","name":"day","value":"12"},{"command":"data","selector":"[data-agenda-container]","name":"city","value":null}]