[{"command":"invoke","selector":"[data-agenda-events]","method":"removeClass","args":["spinner-loading"]},{"command":"insert","method":"append","selector":"[data-agenda-events]","data":"      \n\u003Carticle data-history-node-id=\u002279311\u0022 class=\u0022EventTeaser\u0022\u003E\n  \u003Cdiv class=\u0022EventTeaser-header\u0022\u003E\n    \u003Cdiv class=\u0022EventTeaser-date\u0022\u003E\n              \u003Cdiv class=\u0022EventTeaser-date--day\u0022\u003E\n          \u003Cspan\u003E08\u003C\/span\u003E\n                                    \u003Cspan\u003E-\u003C\/span\u003E\n              \u003Cspan\u003E10\u003C\/span\u003E\n                              \u003C\/div\u003E\n                    \u003Cdiv class=\u0022EventTeaser-date--month\u0022\u003E\n          \u003Cspan\u003EMay\u003C\/span\u003E\n                                        \u003C\/div\u003E\n          \u003C\/div\u003E\n\n    \u003Cdiv class=\u0022EventTeaser-links\u0022\u003E\n      \u003Cdiv class=\u0022EventTeaser-link\u0022\u003E\n                  \u003Ca href=\u0022\/eric-emmanuel-schmitt\u0022\u003E\n            \u003Cdiv class=\u0022EventTeaser-link--label\u0022\u003EFiche\u003Cbr \/\u003EAuteur\u003C\/div\u003E\n            \u003Csvg class=\u0022icon icon-chevron\u0022 aria-hidden=\u0022true\u0022 focusable=\u0022false\u0022 width=\u002212\u0022 height=\u002224\u0022\u003E\u003Cuse xlink:href=\u0022\/themes\/custom\/albin_michel\/public\/dist\/icons.svg#icon-chevron\u0022\u003E\u003C\/use\u003E\u003C\/svg\u003E\n          \u003C\/a\u003E\n              \u003C\/div\u003E\n      \u003Cdiv class=\u0022EventTeaser-link\u0022\u003E\n                  \u003Ca href=\u0022\/juste-apres-dieu-il-y-a-papa-9782226488589\u0022\u003E\n            \u003Cdiv class=\u0022EventTeaser-link--label\u0022\u003EFiche\u003Cbr \/\u003EOuvrage\u003C\/div\u003E\n            \u003Csvg class=\u0022icon icon-chevron\u0022 aria-hidden=\u0022true\u0022 focusable=\u0022false\u0022 width=\u002212\u0022 height=\u002224\u0022\u003E\u003Cuse xlink:href=\u0022\/themes\/custom\/albin_michel\/public\/dist\/icons.svg#icon-chevron\u0022\u003E\u003C\/use\u003E\u003C\/svg\u003E\n          \u003C\/a\u003E\n              \u003C\/div\u003E\n    \u003C\/div\u003E\n  \u003C\/div\u003E\n\n  \u003Cdiv class=\u0022EventTeaser-content\u0022\u003E\n    \u003Cdiv class=\u0022EventTeaser-title\u0022\u003E\n      \u003Ch3\u003E\n\u003Cspan\u003EEric-Emmanuel Schmitt \u00e0 Montaigu\u003C\/span\u003E\n\u003C\/h3\u003E\n    \u003C\/div\u003E\n    \u003Cdiv class=\u0022EventTeaser-description\u0022\u003E\n              \u003Cp\u003ERencontre et d\u00e9dicace au Printemps du Livre de Montaigu.\u003C\/p\u003E\u003Cp\u003EEn partenariat avec la Maison de la Presse.\u003C\/p\u003E\u003Cp\u003EPour plus d\u0027informations, rendez-vous : https:\/\/printempsdulivre.terresdemontaigu.fr\/\u003C\/p\u003E\n          \u003C\/div\u003E\n\n    \u003Cdiv class=\u0022EventTeaser-metas\u0022\u003E\n      \u003Cdiv class=\u0022EventTeaser-meta\u0022\u003E\n                  \u003Cdiv class=\u0022EventTeaser-meta-icon\u0022\u003E\n            \u003Csvg class=\u0022icon icon-clock\u0022 aria-hidden=\u0022true\u0022 focusable=\u0022false\u0022 width=\u002215\u0022 height=\u002215\u0022\u003E\u003Cuse xlink:href=\u0022\/themes\/custom\/albin_michel\/public\/dist\/icons.svg#icon-clock\u0022\u003E\u003C\/use\u003E\u003C\/svg\u003E\n          \u003C\/div\u003E\n          \u003Cdiv class=\u0022EventTeaser-meta-label\u0022\u003E\n            10h00\n          \u003C\/div\u003E\n        \u003C\/div\u003E\n              \u003Cdiv class=\u0022EventTeaser-meta\u0022\u003E\n        \u003Cdiv class=\u0022EventTeaser-meta-icon\u0022\u003E\n          \u003Csvg class=\u0022icon icon-marker\u0022 aria-hidden=\u0022true\u0022 focusable=\u0022false\u0022 width=\u002212.5\u0022 height=\u002215\u0022\u003E\u003Cuse xlink:href=\u0022\/themes\/custom\/albin_michel\/public\/dist\/icons.svg#icon-marker\u0022\u003E\u003C\/use\u003E\u003C\/svg\u003E\n        \u003C\/div\u003E\n        \u003Cdiv class=\u0022EventTeaser-meta-label\u0022\u003E\n                      Montaigu\u003Cbr \/\u003E\n                              85600\n          Montaigu\n        \u003C\/div\u003E\n      \u003C\/div\u003E\n    \u003C\/div\u003E\n  \u003C\/div\u003E\n\n  \u003Cdiv class=\u0022EventTeaser-follow mq--onlyPhone\u0022\u003E\n    \u003Ca href=\u0022\/agenda\/event\/ical\/79311\u0022\u003E\n      \u003Cdiv class=\u0022EventTeaser-follow-label\u0022\u003E\n        Cr\u00e9er\u003Cbr \/\u003Eun rappel\n      \u003C\/div\u003E\n      \u003Cdiv class=\u0022EventTeaser-follow-button\u0022\u003E\n        \u003Csvg class=\u0022icon icon-plus\u0022 aria-hidden=\u0022true\u0022 focusable=\u0022false\u0022 width=\u002215\u0022 height=\u002215\u0022\u003E\u003Cuse xlink:href=\u0022\/themes\/custom\/albin_michel\/public\/dist\/icons.svg#icon-plus\u0022\u003E\u003C\/use\u003E\u003C\/svg\u003E\n      \u003C\/div\u003E\n    \u003C\/a\u003E\n  \u003C\/div\u003E\n\u003C\/article\u003E\n\n      \n\u003Carticle data-history-node-id=\u002279234\u0022 class=\u0022EventTeaser\u0022\u003E\n  \u003Cdiv class=\u0022EventTeaser-header\u0022\u003E\n    \u003Cdiv class=\u0022EventTeaser-date\u0022\u003E\n              \u003Cdiv class=\u0022EventTeaser-date--day\u0022\u003E\n          \u003Cspan\u003E08\u003C\/span\u003E\n                                    \u003Cspan\u003E-\u003C\/span\u003E\n              \u003Cspan\u003E10\u003C\/span\u003E\n                              \u003C\/div\u003E\n                    \u003Cdiv class=\u0022EventTeaser-date--month\u0022\u003E\n          \u003Cspan\u003EMay\u003C\/span\u003E\n                                        \u003C\/div\u003E\n          \u003C\/div\u003E\n\n    \u003Cdiv class=\u0022EventTeaser-links\u0022\u003E\n      \u003Cdiv class=\u0022EventTeaser-link\u0022\u003E\n                  \u003Ca href=\u0022\/jamy-gourmaud\u0022\u003E\n            \u003Cdiv class=\u0022EventTeaser-link--label\u0022\u003EFiche\u003Cbr \/\u003EAuteur\u003C\/div\u003E\n            \u003Csvg class=\u0022icon icon-chevron\u0022 aria-hidden=\u0022true\u0022 focusable=\u0022false\u0022 width=\u002212\u0022 height=\u002224\u0022\u003E\u003Cuse xlink:href=\u0022\/themes\/custom\/albin_michel\/public\/dist\/icons.svg#icon-chevron\u0022\u003E\u003C\/use\u003E\u003C\/svg\u003E\n          \u003C\/a\u003E\n              \u003C\/div\u003E\n      \u003Cdiv class=\u0022EventTeaser-link\u0022\u003E\n                  \u003Ca href=\u0022\/les-ailes-de-la-foret-9782226498700\u0022\u003E\n            \u003Cdiv class=\u0022EventTeaser-link--label\u0022\u003EFiche\u003Cbr \/\u003EOuvrage\u003C\/div\u003E\n            \u003Csvg class=\u0022icon icon-chevron\u0022 aria-hidden=\u0022true\u0022 focusable=\u0022false\u0022 width=\u002212\u0022 height=\u002224\u0022\u003E\u003Cuse xlink:href=\u0022\/themes\/custom\/albin_michel\/public\/dist\/icons.svg#icon-chevron\u0022\u003E\u003C\/use\u003E\u003C\/svg\u003E\n          \u003C\/a\u003E\n              \u003C\/div\u003E\n    \u003C\/div\u003E\n  \u003C\/div\u003E\n\n  \u003Cdiv class=\u0022EventTeaser-content\u0022\u003E\n    \u003Cdiv class=\u0022EventTeaser-title\u0022\u003E\n      \u003Ch3\u003E\n\u003Cspan\u003EJamy Gourmaud \u00e0 Montaigu\u003C\/span\u003E\n\u003C\/h3\u003E\n    \u003C\/div\u003E\n    \u003Cdiv class=\u0022EventTeaser-description\u0022\u003E\n              \u003Cp\u003ERencontre et d\u00e9dicace au Printemps du livre de Montaigu.\u003C\/p\u003E\u003Cp\u003EEn partenariat avec la Maison de la Presse.\u003C\/p\u003E\u003Cp\u003EPour plus d\u0027informations, rendez-vous sur : https:\/\/printempsdulivre.terresdemontaigu.fr\/\u003C\/p\u003E\n          \u003C\/div\u003E\n\n    \u003Cdiv class=\u0022EventTeaser-metas\u0022\u003E\n      \u003Cdiv class=\u0022EventTeaser-meta\u0022\u003E\n                  \u003Cdiv class=\u0022EventTeaser-meta-icon\u0022\u003E\n            \u003Csvg class=\u0022icon icon-clock\u0022 aria-hidden=\u0022true\u0022 focusable=\u0022false\u0022 width=\u002215\u0022 height=\u002215\u0022\u003E\u003Cuse xlink:href=\u0022\/themes\/custom\/albin_michel\/public\/dist\/icons.svg#icon-clock\u0022\u003E\u003C\/use\u003E\u003C\/svg\u003E\n          \u003C\/div\u003E\n          \u003Cdiv class=\u0022EventTeaser-meta-label\u0022\u003E\n            10h00\n          \u003C\/div\u003E\n        \u003C\/div\u003E\n              \u003Cdiv class=\u0022EventTeaser-meta\u0022\u003E\n        \u003Cdiv class=\u0022EventTeaser-meta-icon\u0022\u003E\n          \u003Csvg class=\u0022icon icon-marker\u0022 aria-hidden=\u0022true\u0022 focusable=\u0022false\u0022 width=\u002212.5\u0022 height=\u002215\u0022\u003E\u003Cuse xlink:href=\u0022\/themes\/custom\/albin_michel\/public\/dist\/icons.svg#icon-marker\u0022\u003E\u003C\/use\u003E\u003C\/svg\u003E\n        \u003C\/div\u003E\n        \u003Cdiv class=\u0022EventTeaser-meta-label\u0022\u003E\n                      Montaigu\u003Cbr \/\u003E\n                              85600\n          Montaigu\n        \u003C\/div\u003E\n      \u003C\/div\u003E\n    \u003C\/div\u003E\n  \u003C\/div\u003E\n\n  \u003Cdiv class=\u0022EventTeaser-follow mq--onlyPhone\u0022\u003E\n    \u003Ca href=\u0022\/agenda\/event\/ical\/79234\u0022\u003E\n      \u003Cdiv class=\u0022EventTeaser-follow-label\u0022\u003E\n        Cr\u00e9er\u003Cbr \/\u003Eun rappel\n      \u003C\/div\u003E\n      \u003Cdiv class=\u0022EventTeaser-follow-button\u0022\u003E\n        \u003Csvg class=\u0022icon icon-plus\u0022 aria-hidden=\u0022true\u0022 focusable=\u0022false\u0022 width=\u002215\u0022 height=\u002215\u0022\u003E\u003Cuse xlink:href=\u0022\/themes\/custom\/albin_michel\/public\/dist\/icons.svg#icon-plus\u0022\u003E\u003C\/use\u003E\u003C\/svg\u003E\n      \u003C\/div\u003E\n    \u003C\/a\u003E\n  \u003C\/div\u003E\n\u003C\/article\u003E\n\n      \n\u003Carticle data-history-node-id=\u002279518\u0022 class=\u0022EventTeaser\u0022\u003E\n  \u003Cdiv class=\u0022EventTeaser-header\u0022\u003E\n    \u003Cdiv class=\u0022EventTeaser-date\u0022\u003E\n              \u003Cdiv class=\u0022EventTeaser-date--day\u0022\u003E\n          \u003Cspan\u003E08\u003C\/span\u003E\n                                    \u003Cspan\u003E-\u003C\/span\u003E\n              \u003Cspan\u003E10\u003C\/span\u003E\n                              \u003C\/div\u003E\n                    \u003Cdiv class=\u0022EventTeaser-date--month\u0022\u003E\n          \u003Cspan\u003EMay\u003C\/span\u003E\n                                        \u003C\/div\u003E\n          \u003C\/div\u003E\n\n    \u003Cdiv class=\u0022EventTeaser-links\u0022\u003E\n      \u003Cdiv class=\u0022EventTeaser-link\u0022\u003E\n                  \u003Ca href=\u0022\/zoe-brisby\u0022\u003E\n            \u003Cdiv class=\u0022EventTeaser-link--label\u0022\u003EFiche\u003Cbr \/\u003EAuteur\u003C\/div\u003E\n            \u003Csvg class=\u0022icon icon-chevron\u0022 aria-hidden=\u0022true\u0022 focusable=\u0022false\u0022 width=\u002212\u0022 height=\u002224\u0022\u003E\u003Cuse xlink:href=\u0022\/themes\/custom\/albin_michel\/public\/dist\/icons.svg#icon-chevron\u0022\u003E\u003C\/use\u003E\u003C\/svg\u003E\n          \u003C\/a\u003E\n              \u003C\/div\u003E\n      \u003Cdiv class=\u0022EventTeaser-link\u0022\u003E\n                  \u003Ca href=\u0022\/les-femmes-du-france-9782226499035\u0022\u003E\n            \u003Cdiv class=\u0022EventTeaser-link--label\u0022\u003EFiche\u003Cbr \/\u003EOuvrage\u003C\/div\u003E\n            \u003Csvg class=\u0022icon icon-chevron\u0022 aria-hidden=\u0022true\u0022 focusable=\u0022false\u0022 width=\u002212\u0022 height=\u002224\u0022\u003E\u003Cuse xlink:href=\u0022\/themes\/custom\/albin_michel\/public\/dist\/icons.svg#icon-chevron\u0022\u003E\u003C\/use\u003E\u003C\/svg\u003E\n          \u003C\/a\u003E\n              \u003C\/div\u003E\n    \u003C\/div\u003E\n  \u003C\/div\u003E\n\n  \u003Cdiv class=\u0022EventTeaser-content\u0022\u003E\n    \u003Cdiv class=\u0022EventTeaser-title\u0022\u003E\n      \u003Ch3\u003E\n\u003Cspan\u003EZo\u00e9 Brisby \u00e0 Montaigu\u003C\/span\u003E\n\u003C\/h3\u003E\n    \u003C\/div\u003E\n    \u003Cdiv class=\u0022EventTeaser-description\u0022\u003E\n              \u003Cp\u003ERencontre et d\u00e9dicace au Printemps du livre de Montaigu.\u003C\/p\u003E\u003Cp\u003EPour plus d\u0027informations, rendez-vous sur : https:\/\/printempsdulivre.terresdemontaigu.fr\/\u003C\/p\u003E\n          \u003C\/div\u003E\n\n    \u003Cdiv class=\u0022EventTeaser-metas\u0022\u003E\n      \u003Cdiv class=\u0022EventTeaser-meta\u0022\u003E\n                  \u003Cdiv class=\u0022EventTeaser-meta-icon\u0022\u003E\n            \u003Csvg class=\u0022icon icon-clock\u0022 aria-hidden=\u0022true\u0022 focusable=\u0022false\u0022 width=\u002215\u0022 height=\u002215\u0022\u003E\u003Cuse xlink:href=\u0022\/themes\/custom\/albin_michel\/public\/dist\/icons.svg#icon-clock\u0022\u003E\u003C\/use\u003E\u003C\/svg\u003E\n          \u003C\/div\u003E\n          \u003Cdiv class=\u0022EventTeaser-meta-label\u0022\u003E\n            10h00\n          \u003C\/div\u003E\n        \u003C\/div\u003E\n              \u003Cdiv class=\u0022EventTeaser-meta\u0022\u003E\n        \u003Cdiv class=\u0022EventTeaser-meta-icon\u0022\u003E\n          \u003Csvg class=\u0022icon icon-marker\u0022 aria-hidden=\u0022true\u0022 focusable=\u0022false\u0022 width=\u002212.5\u0022 height=\u002215\u0022\u003E\u003Cuse xlink:href=\u0022\/themes\/custom\/albin_michel\/public\/dist\/icons.svg#icon-marker\u0022\u003E\u003C\/use\u003E\u003C\/svg\u003E\n        \u003C\/div\u003E\n        \u003Cdiv class=\u0022EventTeaser-meta-label\u0022\u003E\n                      Montaigu-Vend\u00e9e\u003Cbr \/\u003E\n                              85146\n          Montaigu-Vend\u00e9e\n        \u003C\/div\u003E\n      \u003C\/div\u003E\n    \u003C\/div\u003E\n  \u003C\/div\u003E\n\n  \u003Cdiv class=\u0022EventTeaser-follow mq--onlyPhone\u0022\u003E\n    \u003Ca href=\u0022\/agenda\/event\/ical\/79518\u0022\u003E\n      \u003Cdiv class=\u0022EventTeaser-follow-label\u0022\u003E\n        Cr\u00e9er\u003Cbr \/\u003Eun rappel\n      \u003C\/div\u003E\n      \u003Cdiv class=\u0022EventTeaser-follow-button\u0022\u003E\n        \u003Csvg class=\u0022icon icon-plus\u0022 aria-hidden=\u0022true\u0022 focusable=\u0022false\u0022 width=\u002215\u0022 height=\u002215\u0022\u003E\u003Cuse xlink:href=\u0022\/themes\/custom\/albin_michel\/public\/dist\/icons.svg#icon-plus\u0022\u003E\u003C\/use\u003E\u003C\/svg\u003E\n      \u003C\/div\u003E\n    \u003C\/a\u003E\n  \u003C\/div\u003E\n\u003C\/article\u003E\n\n      \n\u003Carticle data-history-node-id=\u002279320\u0022 class=\u0022EventTeaser\u0022\u003E\n  \u003Cdiv class=\u0022EventTeaser-header\u0022\u003E\n    \u003Cdiv class=\u0022EventTeaser-date\u0022\u003E\n              \u003Cdiv class=\u0022EventTeaser-date--day\u0022\u003E\n          \u003Cspan\u003E08\u003C\/span\u003E\n                  \u003C\/div\u003E\n                    \u003Cdiv class=\u0022EventTeaser-date--month\u0022\u003E\n          \u003Cspan\u003EMay\u003C\/span\u003E\n                  \u003C\/div\u003E\n          \u003C\/div\u003E\n\n    \u003Cdiv class=\u0022EventTeaser-links\u0022\u003E\n      \u003Cdiv class=\u0022EventTeaser-link\u0022\u003E\n                  \u003Ca href=\u0022\/elena-sender\u0022\u003E\n            \u003Cdiv class=\u0022EventTeaser-link--label\u0022\u003EFiche\u003Cbr \/\u003EAuteur\u003C\/div\u003E\n            \u003Csvg class=\u0022icon icon-chevron\u0022 aria-hidden=\u0022true\u0022 focusable=\u0022false\u0022 width=\u002212\u0022 height=\u002224\u0022\u003E\u003Cuse xlink:href=\u0022\/themes\/custom\/albin_michel\/public\/dist\/icons.svg#icon-chevron\u0022\u003E\u003C\/use\u003E\u003C\/svg\u003E\n          \u003C\/a\u003E\n              \u003C\/div\u003E\n      \u003Cdiv class=\u0022EventTeaser-link\u0022\u003E\n                  \u003Ca href=\u0022\/ladn-du-chaos-9782226508607\u0022\u003E\n            \u003Cdiv class=\u0022EventTeaser-link--label\u0022\u003EFiche\u003Cbr \/\u003EOuvrage\u003C\/div\u003E\n            \u003Csvg class=\u0022icon icon-chevron\u0022 aria-hidden=\u0022true\u0022 focusable=\u0022false\u0022 width=\u002212\u0022 height=\u002224\u0022\u003E\u003Cuse xlink:href=\u0022\/themes\/custom\/albin_michel\/public\/dist\/icons.svg#icon-chevron\u0022\u003E\u003C\/use\u003E\u003C\/svg\u003E\n          \u003C\/a\u003E\n              \u003C\/div\u003E\n    \u003C\/div\u003E\n  \u003C\/div\u003E\n\n  \u003Cdiv class=\u0022EventTeaser-content\u0022\u003E\n    \u003Cdiv class=\u0022EventTeaser-title\u0022\u003E\n      \u003Ch3\u003E\n\u003Cspan\u003EElena Sender \u00e0 Houlgate\u003C\/span\u003E\n\u003C\/h3\u003E\n    \u003C\/div\u003E\n    \u003Cdiv class=\u0022EventTeaser-description\u0022\u003E\n              \u003Cp\u003ERencontre et d\u00e9dicace \u00e0 la librairie Les Vagues.\u003C\/p\u003E\u003Cp\u003EHoraire \u00e0 pr\u00e9ciser.\u003C\/p\u003E\u003Cp\u003EPour plus d\u0027informations, rendez-vous \u003Ca href=\u0022https:\/\/www.facebook.com\/librairie.lesvagues\/\u0022\u003E\u00e0 ce lien\u003C\/a\u003E.\u003C\/p\u003E\n          \u003C\/div\u003E\n\n    \u003Cdiv class=\u0022EventTeaser-metas\u0022\u003E\n      \u003Cdiv class=\u0022EventTeaser-meta\u0022\u003E\n                  \u003Cdiv class=\u0022EventTeaser-meta-icon\u0022\u003E\n            \u003Csvg class=\u0022icon icon-clock\u0022 aria-hidden=\u0022true\u0022 focusable=\u0022false\u0022 width=\u002215\u0022 height=\u002215\u0022\u003E\u003Cuse xlink:href=\u0022\/themes\/custom\/albin_michel\/public\/dist\/icons.svg#icon-clock\u0022\u003E\u003C\/use\u003E\u003C\/svg\u003E\n          \u003C\/div\u003E\n          \u003Cdiv class=\u0022EventTeaser-meta-label\u0022\u003E\n            18h00\n          \u003C\/div\u003E\n        \u003C\/div\u003E\n              \u003Cdiv class=\u0022EventTeaser-meta\u0022\u003E\n        \u003Cdiv class=\u0022EventTeaser-meta-icon\u0022\u003E\n          \u003Csvg class=\u0022icon icon-marker\u0022 aria-hidden=\u0022true\u0022 focusable=\u0022false\u0022 width=\u002212.5\u0022 height=\u002215\u0022\u003E\u003Cuse xlink:href=\u0022\/themes\/custom\/albin_michel\/public\/dist\/icons.svg#icon-marker\u0022\u003E\u003C\/use\u003E\u003C\/svg\u003E\n        \u003C\/div\u003E\n        \u003Cdiv class=\u0022EventTeaser-meta-label\u0022\u003E\n                      36 Rue du G\u00e9n\u00e9ral Leclerc\u003Cbr \/\u003E\n                              14510\n          Houlgate\n        \u003C\/div\u003E\n      \u003C\/div\u003E\n    \u003C\/div\u003E\n  \u003C\/div\u003E\n\n  \u003Cdiv class=\u0022EventTeaser-follow mq--onlyPhone\u0022\u003E\n    \u003Ca href=\u0022\/agenda\/event\/ical\/79320\u0022\u003E\n      \u003Cdiv class=\u0022EventTeaser-follow-label\u0022\u003E\n        Cr\u00e9er\u003Cbr \/\u003Eun rappel\n      \u003C\/div\u003E\n      \u003Cdiv class=\u0022EventTeaser-follow-button\u0022\u003E\n        \u003Csvg class=\u0022icon icon-plus\u0022 aria-hidden=\u0022true\u0022 focusable=\u0022false\u0022 width=\u002215\u0022 height=\u002215\u0022\u003E\u003Cuse xlink:href=\u0022\/themes\/custom\/albin_michel\/public\/dist\/icons.svg#icon-plus\u0022\u003E\u003C\/use\u003E\u003C\/svg\u003E\n      \u003C\/div\u003E\n    \u003C\/a\u003E\n  \u003C\/div\u003E\n\u003C\/article\u003E\n\n      \n\u003Carticle data-history-node-id=\u002279646\u0022 class=\u0022EventTeaser\u0022\u003E\n  \u003Cdiv class=\u0022EventTeaser-header\u0022\u003E\n    \u003Cdiv class=\u0022EventTeaser-date\u0022\u003E\n              \u003Cdiv class=\u0022EventTeaser-date--day\u0022\u003E\n          \u003Cspan\u003E09\u003C\/span\u003E\n                  \u003C\/div\u003E\n                    \u003Cdiv class=\u0022EventTeaser-date--month\u0022\u003E\n          \u003Cspan\u003EMay\u003C\/span\u003E\n                  \u003C\/div\u003E\n          \u003C\/div\u003E\n\n    \u003Cdiv class=\u0022EventTeaser-links\u0022\u003E\n      \u003Cdiv class=\u0022EventTeaser-link\u0022\u003E\n                  \u003Ca href=\u0022\/marina-yaloyan\u0022\u003E\n            \u003Cdiv class=\u0022EventTeaser-link--label\u0022\u003EFiche\u003Cbr \/\u003EAuteur\u003C\/div\u003E\n            \u003Csvg class=\u0022icon icon-chevron\u0022 aria-hidden=\u0022true\u0022 focusable=\u0022false\u0022 width=\u002212\u0022 height=\u002224\u0022\u003E\u003Cuse xlink:href=\u0022\/themes\/custom\/albin_michel\/public\/dist\/icons.svg#icon-chevron\u0022\u003E\u003C\/use\u003E\u003C\/svg\u003E\n          \u003C\/a\u003E\n              \u003C\/div\u003E\n      \u003Cdiv class=\u0022EventTeaser-link\u0022\u003E\n                  \u003Ca href=\u0022\/la-petite-pianiste-derevan-9782226512505\u0022\u003E\n            \u003Cdiv class=\u0022EventTeaser-link--label\u0022\u003EFiche\u003Cbr \/\u003EOuvrage\u003C\/div\u003E\n            \u003Csvg class=\u0022icon icon-chevron\u0022 aria-hidden=\u0022true\u0022 focusable=\u0022false\u0022 width=\u002212\u0022 height=\u002224\u0022\u003E\u003Cuse xlink:href=\u0022\/themes\/custom\/albin_michel\/public\/dist\/icons.svg#icon-chevron\u0022\u003E\u003C\/use\u003E\u003C\/svg\u003E\n          \u003C\/a\u003E\n              \u003C\/div\u003E\n    \u003C\/div\u003E\n  \u003C\/div\u003E\n\n  \u003Cdiv class=\u0022EventTeaser-content\u0022\u003E\n    \u003Cdiv class=\u0022EventTeaser-title\u0022\u003E\n      \u003Ch3\u003E\n\u003Cspan\u003EMarina Yaloyan \u00e0 Salbris\u003C\/span\u003E\n\u003C\/h3\u003E\n    \u003C\/div\u003E\n    \u003Cdiv class=\u0022EventTeaser-description\u0022\u003E\n              \u003Cp\u003ERencontre et d\u00e9dicace \u00e0 la librairie Le Temps retrouv\u00e9.\u003C\/p\u003E\u003Cp\u003EPour plus d\u0027informations, rendez-vous \u003Ca href=\u0022https:\/\/www.facebook.com\/LibrairieSalbris\/?locale=fr_FR\u0022\u003E\u00e0 ce lien\u003C\/a\u003E.\u003C\/p\u003E\n          \u003C\/div\u003E\n\n    \u003Cdiv class=\u0022EventTeaser-metas\u0022\u003E\n      \u003Cdiv class=\u0022EventTeaser-meta\u0022\u003E\n                  \u003Cdiv class=\u0022EventTeaser-meta-icon\u0022\u003E\n            \u003Csvg class=\u0022icon icon-clock\u0022 aria-hidden=\u0022true\u0022 focusable=\u0022false\u0022 width=\u002215\u0022 height=\u002215\u0022\u003E\u003Cuse xlink:href=\u0022\/themes\/custom\/albin_michel\/public\/dist\/icons.svg#icon-clock\u0022\u003E\u003C\/use\u003E\u003C\/svg\u003E\n          \u003C\/div\u003E\n          \u003Cdiv class=\u0022EventTeaser-meta-label\u0022\u003E\n            17h00\n          \u003C\/div\u003E\n        \u003C\/div\u003E\n              \u003Cdiv class=\u0022EventTeaser-meta\u0022\u003E\n        \u003Cdiv class=\u0022EventTeaser-meta-icon\u0022\u003E\n          \u003Csvg class=\u0022icon icon-marker\u0022 aria-hidden=\u0022true\u0022 focusable=\u0022false\u0022 width=\u002212.5\u0022 height=\u002215\u0022\u003E\u003Cuse xlink:href=\u0022\/themes\/custom\/albin_michel\/public\/dist\/icons.svg#icon-marker\u0022\u003E\u003C\/use\u003E\u003C\/svg\u003E\n        \u003C\/div\u003E\n        \u003Cdiv class=\u0022EventTeaser-meta-label\u0022\u003E\n                      17 Rue du G\u00e9n\u00e9ral Giraud\u003Cbr \/\u003E\n                              41300\n          Salbris\n        \u003C\/div\u003E\n      \u003C\/div\u003E\n    \u003C\/div\u003E\n  \u003C\/div\u003E\n\n  \u003Cdiv class=\u0022EventTeaser-follow mq--onlyPhone\u0022\u003E\n    \u003Ca href=\u0022\/agenda\/event\/ical\/79646\u0022\u003E\n      \u003Cdiv class=\u0022EventTeaser-follow-label\u0022\u003E\n        Cr\u00e9er\u003Cbr \/\u003Eun rappel\n      \u003C\/div\u003E\n      \u003Cdiv class=\u0022EventTeaser-follow-button\u0022\u003E\n        \u003Csvg class=\u0022icon icon-plus\u0022 aria-hidden=\u0022true\u0022 focusable=\u0022false\u0022 width=\u002215\u0022 height=\u002215\u0022\u003E\u003Cuse xlink:href=\u0022\/themes\/custom\/albin_michel\/public\/dist\/icons.svg#icon-plus\u0022\u003E\u003C\/use\u003E\u003C\/svg\u003E\n      \u003C\/div\u003E\n    \u003C\/a\u003E\n  \u003C\/div\u003E\n\u003C\/article\u003E\n\n      \n\u003Carticle data-history-node-id=\u002279661\u0022 class=\u0022EventTeaser\u0022\u003E\n  \u003Cdiv class=\u0022EventTeaser-header\u0022\u003E\n    \u003Cdiv class=\u0022EventTeaser-date\u0022\u003E\n              \u003Cdiv class=\u0022EventTeaser-date--day\u0022\u003E\n          \u003Cspan\u003E12\u003C\/span\u003E\n                  \u003C\/div\u003E\n                    \u003Cdiv class=\u0022EventTeaser-date--month\u0022\u003E\n          \u003Cspan\u003EMay\u003C\/span\u003E\n                  \u003C\/div\u003E\n          \u003C\/div\u003E\n\n    \u003Cdiv class=\u0022EventTeaser-links\u0022\u003E\n      \u003Cdiv class=\u0022EventTeaser-link\u0022\u003E\n                  \u003Ca href=\u0022\/clelia-renucci\u0022\u003E\n            \u003Cdiv class=\u0022EventTeaser-link--label\u0022\u003EFiche\u003Cbr \/\u003EAuteur\u003C\/div\u003E\n            \u003Csvg class=\u0022icon icon-chevron\u0022 aria-hidden=\u0022true\u0022 focusable=\u0022false\u0022 width=\u002212\u0022 height=\u002224\u0022\u003E\u003Cuse xlink:href=\u0022\/themes\/custom\/albin_michel\/public\/dist\/icons.svg#icon-chevron\u0022\u003E\u003C\/use\u003E\u003C\/svg\u003E\n          \u003C\/a\u003E\n              \u003C\/div\u003E\n      \u003Cdiv class=\u0022EventTeaser-link\u0022\u003E\n                  \u003Ca href=\u0022\/le-chef-doeuvre-maudit-9782226495631\u0022\u003E\n            \u003Cdiv class=\u0022EventTeaser-link--label\u0022\u003EFiche\u003Cbr \/\u003EOuvrage\u003C\/div\u003E\n            \u003Csvg class=\u0022icon icon-chevron\u0022 aria-hidden=\u0022true\u0022 focusable=\u0022false\u0022 width=\u002212\u0022 height=\u002224\u0022\u003E\u003Cuse xlink:href=\u0022\/themes\/custom\/albin_michel\/public\/dist\/icons.svg#icon-chevron\u0022\u003E\u003C\/use\u003E\u003C\/svg\u003E\n          \u003C\/a\u003E\n              \u003C\/div\u003E\n    \u003C\/div\u003E\n  \u003C\/div\u003E\n\n  \u003Cdiv class=\u0022EventTeaser-content\u0022\u003E\n    \u003Cdiv class=\u0022EventTeaser-title\u0022\u003E\n      \u003Ch3\u003E\n\u003Cspan\u003ECl\u00e9lia Renucci \u00e0 Paris\u003C\/span\u003E\n\u003C\/h3\u003E\n    \u003C\/div\u003E\n    \u003Cdiv class=\u0022EventTeaser-description\u0022\u003E\n              \u003Cp\u003ERencontre et d\u00e9dicace dans le cadre d\u0027Autour d\u0027un livre.\u003C\/p\u003E\u003Cp\u003EEn partenariat avec la librairie La Procure.\u003C\/p\u003E\n          \u003C\/div\u003E\n\n    \u003Cdiv class=\u0022EventTeaser-metas\u0022\u003E\n      \u003Cdiv class=\u0022EventTeaser-meta\u0022\u003E\n                  \u003Cdiv class=\u0022EventTeaser-meta-icon\u0022\u003E\n            \u003Csvg class=\u0022icon icon-clock\u0022 aria-hidden=\u0022true\u0022 focusable=\u0022false\u0022 width=\u002215\u0022 height=\u002215\u0022\u003E\u003Cuse xlink:href=\u0022\/themes\/custom\/albin_michel\/public\/dist\/icons.svg#icon-clock\u0022\u003E\u003C\/use\u003E\u003C\/svg\u003E\n          \u003C\/div\u003E\n          \u003Cdiv class=\u0022EventTeaser-meta-label\u0022\u003E\n            12h15\n          \u003C\/div\u003E\n        \u003C\/div\u003E\n              \u003Cdiv class=\u0022EventTeaser-meta\u0022\u003E\n        \u003Cdiv class=\u0022EventTeaser-meta-icon\u0022\u003E\n          \u003Csvg class=\u0022icon icon-marker\u0022 aria-hidden=\u0022true\u0022 focusable=\u0022false\u0022 width=\u002212.5\u0022 height=\u002215\u0022\u003E\u003Cuse xlink:href=\u0022\/themes\/custom\/albin_michel\/public\/dist\/icons.svg#icon-marker\u0022\u003E\u003C\/use\u003E\u003C\/svg\u003E\n        \u003C\/div\u003E\n        \u003Cdiv class=\u0022EventTeaser-meta-label\u0022\u003E\n                      Espace Jouffroy\u003Cbr \/\u003E\n                                70 rue Jouffroy d\u0026#039;Abbans\u003Cbr \/\u003E\n                    75017\n          Paris\n        \u003C\/div\u003E\n      \u003C\/div\u003E\n    \u003C\/div\u003E\n  \u003C\/div\u003E\n\n  \u003Cdiv class=\u0022EventTeaser-follow mq--onlyPhone\u0022\u003E\n    \u003Ca href=\u0022\/agenda\/event\/ical\/79661\u0022\u003E\n      \u003Cdiv class=\u0022EventTeaser-follow-label\u0022\u003E\n        Cr\u00e9er\u003Cbr \/\u003Eun rappel\n      \u003C\/div\u003E\n      \u003Cdiv class=\u0022EventTeaser-follow-button\u0022\u003E\n        \u003Csvg class=\u0022icon icon-plus\u0022 aria-hidden=\u0022true\u0022 focusable=\u0022false\u0022 width=\u002215\u0022 height=\u002215\u0022\u003E\u003Cuse xlink:href=\u0022\/themes\/custom\/albin_michel\/public\/dist\/icons.svg#icon-plus\u0022\u003E\u003C\/use\u003E\u003C\/svg\u003E\n      \u003C\/div\u003E\n    \u003C\/a\u003E\n  \u003C\/div\u003E\n\u003C\/article\u003E\n\n      \n\u003Carticle data-history-node-id=\u002279714\u0022 class=\u0022EventTeaser\u0022\u003E\n  \u003Cdiv class=\u0022EventTeaser-header\u0022\u003E\n    \u003Cdiv class=\u0022EventTeaser-date\u0022\u003E\n              \u003Cdiv class=\u0022EventTeaser-date--day\u0022\u003E\n          \u003Cspan\u003E12\u003C\/span\u003E\n                  \u003C\/div\u003E\n                    \u003Cdiv class=\u0022EventTeaser-date--month\u0022\u003E\n          \u003Cspan\u003EMay\u003C\/span\u003E\n                  \u003C\/div\u003E\n          \u003C\/div\u003E\n\n    \u003Cdiv class=\u0022EventTeaser-links\u0022\u003E\n      \u003Cdiv class=\u0022EventTeaser-link\u0022\u003E\n                  \u003Ca href=\u0022\/yann-bergheaud\u0022\u003E\n            \u003Cdiv class=\u0022EventTeaser-link--label\u0022\u003EFiche\u003Cbr \/\u003EAuteur\u003C\/div\u003E\n            \u003Csvg class=\u0022icon icon-chevron\u0022 aria-hidden=\u0022true\u0022 focusable=\u0022false\u0022 width=\u002212\u0022 height=\u002224\u0022\u003E\u003Cuse xlink:href=\u0022\/themes\/custom\/albin_michel\/public\/dist\/icons.svg#icon-chevron\u0022\u003E\u003C\/use\u003E\u003C\/svg\u003E\n          \u003C\/a\u003E\n              \u003C\/div\u003E\n      \u003Cdiv class=\u0022EventTeaser-link\u0022\u003E\n                  \u003Ca href=\u0022\/le-roman-de-murat-9782226507075\u0022\u003E\n            \u003Cdiv class=\u0022EventTeaser-link--label\u0022\u003EFiche\u003Cbr \/\u003EOuvrage\u003C\/div\u003E\n            \u003Csvg class=\u0022icon icon-chevron\u0022 aria-hidden=\u0022true\u0022 focusable=\u0022false\u0022 width=\u002212\u0022 height=\u002224\u0022\u003E\u003Cuse xlink:href=\u0022\/themes\/custom\/albin_michel\/public\/dist\/icons.svg#icon-chevron\u0022\u003E\u003C\/use\u003E\u003C\/svg\u003E\n          \u003C\/a\u003E\n              \u003C\/div\u003E\n    \u003C\/div\u003E\n  \u003C\/div\u003E\n\n  \u003Cdiv class=\u0022EventTeaser-content\u0022\u003E\n    \u003Cdiv class=\u0022EventTeaser-title\u0022\u003E\n      \u003Ch3\u003E\n\u003Cspan\u003EYann Bergheaud \u00e0 Bourges\u003C\/span\u003E\n\u003C\/h3\u003E\n    \u003C\/div\u003E\n    \u003Cdiv class=\u0022EventTeaser-description\u0022\u003E\n              \u003Cp\u003ERencontre et d\u00e9dicace \u00e0 la librairie Bifurcations.\u003C\/p\u003E\u003Cp\u003EPour plus d\u0027informations, rendez-vous \u003Ca href=\u0022https:\/\/www.facebook.com\/librairiebifurcationsbourges\/?locale=fr_FR\u0022\u003E\u00e0 ce lien\u003C\/a\u003E.\u003C\/p\u003E\n          \u003C\/div\u003E\n\n    \u003Cdiv class=\u0022EventTeaser-metas\u0022\u003E\n      \u003Cdiv class=\u0022EventTeaser-meta\u0022\u003E\n                  \u003Cdiv class=\u0022EventTeaser-meta-icon\u0022\u003E\n            \u003Csvg class=\u0022icon icon-clock\u0022 aria-hidden=\u0022true\u0022 focusable=\u0022false\u0022 width=\u002215\u0022 height=\u002215\u0022\u003E\u003Cuse xlink:href=\u0022\/themes\/custom\/albin_michel\/public\/dist\/icons.svg#icon-clock\u0022\u003E\u003C\/use\u003E\u003C\/svg\u003E\n          \u003C\/div\u003E\n          \u003Cdiv class=\u0022EventTeaser-meta-label\u0022\u003E\n            19h30\n          \u003C\/div\u003E\n        \u003C\/div\u003E\n              \u003Cdiv class=\u0022EventTeaser-meta\u0022\u003E\n        \u003Cdiv class=\u0022EventTeaser-meta-icon\u0022\u003E\n          \u003Csvg class=\u0022icon icon-marker\u0022 aria-hidden=\u0022true\u0022 focusable=\u0022false\u0022 width=\u002212.5\u0022 height=\u002215\u0022\u003E\u003Cuse xlink:href=\u0022\/themes\/custom\/albin_michel\/public\/dist\/icons.svg#icon-marker\u0022\u003E\u003C\/use\u003E\u003C\/svg\u003E\n        \u003C\/div\u003E\n        \u003Cdiv class=\u0022EventTeaser-meta-label\u0022\u003E\n                      15 Rue du Commerce\u003Cbr \/\u003E\n                              18000\n          Bourges\n        \u003C\/div\u003E\n      \u003C\/div\u003E\n    \u003C\/div\u003E\n  \u003C\/div\u003E\n\n  \u003Cdiv class=\u0022EventTeaser-follow mq--onlyPhone\u0022\u003E\n    \u003Ca href=\u0022\/agenda\/event\/ical\/79714\u0022\u003E\n      \u003Cdiv class=\u0022EventTeaser-follow-label\u0022\u003E\n        Cr\u00e9er\u003Cbr \/\u003Eun rappel\n      \u003C\/div\u003E\n      \u003Cdiv class=\u0022EventTeaser-follow-button\u0022\u003E\n        \u003Csvg class=\u0022icon icon-plus\u0022 aria-hidden=\u0022true\u0022 focusable=\u0022false\u0022 width=\u002215\u0022 height=\u002215\u0022\u003E\u003Cuse xlink:href=\u0022\/themes\/custom\/albin_michel\/public\/dist\/icons.svg#icon-plus\u0022\u003E\u003C\/use\u003E\u003C\/svg\u003E\n      \u003C\/div\u003E\n    \u003C\/a\u003E\n  \u003C\/div\u003E\n\u003C\/article\u003E\n\n      \n\u003Carticle data-history-node-id=\u002279463\u0022 class=\u0022EventTeaser\u0022\u003E\n  \u003Cdiv class=\u0022EventTeaser-header\u0022\u003E\n    \u003Cdiv class=\u0022EventTeaser-date\u0022\u003E\n              \u003Cdiv class=\u0022EventTeaser-date--day\u0022\u003E\n          \u003Cspan\u003E13\u003C\/span\u003E\n                  \u003C\/div\u003E\n                    \u003Cdiv class=\u0022EventTeaser-date--month\u0022\u003E\n          \u003Cspan\u003EMay\u003C\/span\u003E\n                  \u003C\/div\u003E\n          \u003C\/div\u003E\n\n    \u003Cdiv class=\u0022EventTeaser-links\u0022\u003E\n      \u003Cdiv class=\u0022EventTeaser-link\u0022\u003E\n                  \u003Ca href=\u0022\/audrey-renard\u0022\u003E\n            \u003Cdiv class=\u0022EventTeaser-link--label\u0022\u003EFiche\u003Cbr \/\u003EAuteur\u003C\/div\u003E\n            \u003Csvg class=\u0022icon icon-chevron\u0022 aria-hidden=\u0022true\u0022 focusable=\u0022false\u0022 width=\u002212\u0022 height=\u002224\u0022\u003E\u003Cuse xlink:href=\u0022\/themes\/custom\/albin_michel\/public\/dist\/icons.svg#icon-chevron\u0022\u003E\u003C\/use\u003E\u003C\/svg\u003E\n          \u003C\/a\u003E\n              \u003C\/div\u003E\n      \u003Cdiv class=\u0022EventTeaser-link\u0022\u003E\n                  \u003Ca href=\u0022\/profileuse-9782226502650\u0022\u003E\n            \u003Cdiv class=\u0022EventTeaser-link--label\u0022\u003EFiche\u003Cbr \/\u003EOuvrage\u003C\/div\u003E\n            \u003Csvg class=\u0022icon icon-chevron\u0022 aria-hidden=\u0022true\u0022 focusable=\u0022false\u0022 width=\u002212\u0022 height=\u002224\u0022\u003E\u003Cuse xlink:href=\u0022\/themes\/custom\/albin_michel\/public\/dist\/icons.svg#icon-chevron\u0022\u003E\u003C\/use\u003E\u003C\/svg\u003E\n          \u003C\/a\u003E\n              \u003C\/div\u003E\n    \u003C\/div\u003E\n  \u003C\/div\u003E\n\n  \u003Cdiv class=\u0022EventTeaser-content\u0022\u003E\n    \u003Cdiv class=\u0022EventTeaser-title\u0022\u003E\n      \u003Ch3\u003E\n\u003Cspan\u003EAudrey Renard \u00e0 Amiens\u003C\/span\u003E\n\u003C\/h3\u003E\n    \u003C\/div\u003E\n    \u003Cdiv class=\u0022EventTeaser-description\u0022\u003E\n              \u003Cp\u003ERencontre et d\u00e9dicace \u00e0 la librairie Martelle.\u003C\/p\u003E\u003Cp\u003EPour plus d\u0027informations, rendez-vous sur : https:\/\/www.librairiemartelle.com\/\u003C\/p\u003E\n          \u003C\/div\u003E\n\n    \u003Cdiv class=\u0022EventTeaser-metas\u0022\u003E\n      \u003Cdiv class=\u0022EventTeaser-meta\u0022\u003E\n                  \u003Cdiv class=\u0022EventTeaser-meta-icon\u0022\u003E\n            \u003Csvg class=\u0022icon icon-clock\u0022 aria-hidden=\u0022true\u0022 focusable=\u0022false\u0022 width=\u002215\u0022 height=\u002215\u0022\u003E\u003Cuse xlink:href=\u0022\/themes\/custom\/albin_michel\/public\/dist\/icons.svg#icon-clock\u0022\u003E\u003C\/use\u003E\u003C\/svg\u003E\n          \u003C\/div\u003E\n          \u003Cdiv class=\u0022EventTeaser-meta-label\u0022\u003E\n            18h00\n          \u003C\/div\u003E\n        \u003C\/div\u003E\n              \u003Cdiv class=\u0022EventTeaser-meta\u0022\u003E\n        \u003Cdiv class=\u0022EventTeaser-meta-icon\u0022\u003E\n          \u003Csvg class=\u0022icon icon-marker\u0022 aria-hidden=\u0022true\u0022 focusable=\u0022false\u0022 width=\u002212.5\u0022 height=\u002215\u0022\u003E\u003Cuse xlink:href=\u0022\/themes\/custom\/albin_michel\/public\/dist\/icons.svg#icon-marker\u0022\u003E\u003C\/use\u003E\u003C\/svg\u003E\n        \u003C\/div\u003E\n        \u003Cdiv class=\u0022EventTeaser-meta-label\u0022\u003E\n                      3 Rue des Vergeaux\u003Cbr \/\u003E\n                              80000\n          Amiens\n        \u003C\/div\u003E\n      \u003C\/div\u003E\n    \u003C\/div\u003E\n  \u003C\/div\u003E\n\n  \u003Cdiv class=\u0022EventTeaser-follow mq--onlyPhone\u0022\u003E\n    \u003Ca href=\u0022\/agenda\/event\/ical\/79463\u0022\u003E\n      \u003Cdiv class=\u0022EventTeaser-follow-label\u0022\u003E\n        Cr\u00e9er\u003Cbr \/\u003Eun rappel\n      \u003C\/div\u003E\n      \u003Cdiv class=\u0022EventTeaser-follow-button\u0022\u003E\n        \u003Csvg class=\u0022icon icon-plus\u0022 aria-hidden=\u0022true\u0022 focusable=\u0022false\u0022 width=\u002215\u0022 height=\u002215\u0022\u003E\u003Cuse xlink:href=\u0022\/themes\/custom\/albin_michel\/public\/dist\/icons.svg#icon-plus\u0022\u003E\u003C\/use\u003E\u003C\/svg\u003E\n      \u003C\/div\u003E\n    \u003C\/a\u003E\n  \u003C\/div\u003E\n\u003C\/article\u003E\n\n      \n\u003Carticle data-history-node-id=\u002279648\u0022 class=\u0022EventTeaser\u0022\u003E\n  \u003Cdiv class=\u0022EventTeaser-header\u0022\u003E\n    \u003Cdiv class=\u0022EventTeaser-date\u0022\u003E\n              \u003Cdiv class=\u0022EventTeaser-date--day\u0022\u003E\n          \u003Cspan\u003E15\u003C\/span\u003E\n                                        \u003C\/div\u003E\n                    \u003Cdiv class=\u0022EventTeaser-date--month\u0022\u003E\n          \u003Cspan\u003EMay\u003C\/span\u003E\n                                        \u003C\/div\u003E\n          \u003C\/div\u003E\n\n    \u003Cdiv class=\u0022EventTeaser-links\u0022\u003E\n      \u003Cdiv class=\u0022EventTeaser-link\u0022\u003E\n                  \u003Ca href=\u0022\/vincent-lemire\u0022\u003E\n            \u003Cdiv class=\u0022EventTeaser-link--label\u0022\u003EFiche\u003Cbr \/\u003EAuteur\u003C\/div\u003E\n            \u003Csvg class=\u0022icon icon-chevron\u0022 aria-hidden=\u0022true\u0022 focusable=\u0022false\u0022 width=\u002212\u0022 height=\u002224\u0022\u003E\u003Cuse xlink:href=\u0022\/themes\/custom\/albin_michel\/public\/dist\/icons.svg#icon-chevron\u0022\u003E\u003C\/use\u003E\u003C\/svg\u003E\n          \u003C\/a\u003E\n              \u003C\/div\u003E\n      \u003Cdiv class=\u0022EventTeaser-link\u0022\u003E\n                  \u003Ca href=\u0022\/jerusalem-9782226509581\u0022\u003E\n            \u003Cdiv class=\u0022EventTeaser-link--label\u0022\u003EFiche\u003Cbr \/\u003EOuvrage\u003C\/div\u003E\n            \u003Csvg class=\u0022icon icon-chevron\u0022 aria-hidden=\u0022true\u0022 focusable=\u0022false\u0022 width=\u002212\u0022 height=\u002224\u0022\u003E\u003Cuse xlink:href=\u0022\/themes\/custom\/albin_michel\/public\/dist\/icons.svg#icon-chevron\u0022\u003E\u003C\/use\u003E\u003C\/svg\u003E\n          \u003C\/a\u003E\n              \u003C\/div\u003E\n    \u003C\/div\u003E\n  \u003C\/div\u003E\n\n  \u003Cdiv class=\u0022EventTeaser-content\u0022\u003E\n    \u003Cdiv class=\u0022EventTeaser-title\u0022\u003E\n      \u003Ch3\u003E\n\u003Cspan\u003EVincent Lemire \u00e0 Contis\u003C\/span\u003E\n\u003C\/h3\u003E\n    \u003C\/div\u003E\n    \u003Cdiv class=\u0022EventTeaser-description\u0022\u003E\n              \u003Cp\u003ERencontre et d\u00e9dicace au salon Contis, Une Dune \u00e0 la page.\u003C\/p\u003E\u003Cp\u003EPour plus d\u0027informations, rendez-vous sur : https:\/\/unedunealapage.fr\/\u003C\/p\u003E\n          \u003C\/div\u003E\n\n    \u003Cdiv class=\u0022EventTeaser-metas\u0022\u003E\n      \u003Cdiv class=\u0022EventTeaser-meta\u0022\u003E\n                  \u003Cdiv class=\u0022EventTeaser-meta-icon\u0022\u003E\n            \u003Csvg class=\u0022icon icon-clock\u0022 aria-hidden=\u0022true\u0022 focusable=\u0022false\u0022 width=\u002215\u0022 height=\u002215\u0022\u003E\u003Cuse xlink:href=\u0022\/themes\/custom\/albin_michel\/public\/dist\/icons.svg#icon-clock\u0022\u003E\u003C\/use\u003E\u003C\/svg\u003E\n          \u003C\/div\u003E\n          \u003Cdiv class=\u0022EventTeaser-meta-label\u0022\u003E\n            10h00\n          \u003C\/div\u003E\n        \u003C\/div\u003E\n              \u003Cdiv class=\u0022EventTeaser-meta\u0022\u003E\n        \u003Cdiv class=\u0022EventTeaser-meta-icon\u0022\u003E\n          \u003Csvg class=\u0022icon icon-marker\u0022 aria-hidden=\u0022true\u0022 focusable=\u0022false\u0022 width=\u002212.5\u0022 height=\u002215\u0022\u003E\u003Cuse xlink:href=\u0022\/themes\/custom\/albin_michel\/public\/dist\/icons.svg#icon-marker\u0022\u003E\u003C\/use\u003E\u003C\/svg\u003E\n        \u003C\/div\u003E\n        \u003Cdiv class=\u0022EventTeaser-meta-label\u0022\u003E\n                      234 bd de la plage\u003Cbr \/\u003E\n                              40170\n          Saint Julien en Born\n        \u003C\/div\u003E\n      \u003C\/div\u003E\n    \u003C\/div\u003E\n  \u003C\/div\u003E\n\n  \u003Cdiv class=\u0022EventTeaser-follow mq--onlyPhone\u0022\u003E\n    \u003Ca href=\u0022\/agenda\/event\/ical\/79648\u0022\u003E\n      \u003Cdiv class=\u0022EventTeaser-follow-label\u0022\u003E\n        Cr\u00e9er\u003Cbr \/\u003Eun rappel\n      \u003C\/div\u003E\n      \u003Cdiv class=\u0022EventTeaser-follow-button\u0022\u003E\n        \u003Csvg class=\u0022icon icon-plus\u0022 aria-hidden=\u0022true\u0022 focusable=\u0022false\u0022 width=\u002215\u0022 height=\u002215\u0022\u003E\u003Cuse xlink:href=\u0022\/themes\/custom\/albin_michel\/public\/dist\/icons.svg#icon-plus\u0022\u003E\u003C\/use\u003E\u003C\/svg\u003E\n      \u003C\/div\u003E\n    \u003C\/a\u003E\n  \u003C\/div\u003E\n\u003C\/article\u003E\n\n  ","settings":null},{"command":"insert","method":"replaceWith","selector":"[data-agenda-loadmore]","data":"\u003Ca href=\u0022ajax\/calendar\/next-page\/2026\/05?page=3\u0026city=\u0026limit=9\u0022 class=\u0022pagination-see-more use-ajax\u0022 data-agenda-loadmore\u003EVoir plus\u003C\/a\u003E","settings":null}]