[{"command":"invoke","selector":"[data-agenda-events]","method":"removeClass","args":["spinner-loading"]},{"command":"insert","method":"append","selector":"[data-agenda-events]","data":"      \n\u003Carticle data-history-node-id=\u002280614\u0022 class=\u0022EventTeaser\u0022\u003E\n  \u003Cdiv class=\u0022EventTeaser-header\u0022\u003E\n    \u003Cdiv class=\u0022EventTeaser-date\u0022\u003E\n              \u003Cdiv class=\u0022EventTeaser-date--day\u0022\u003E\n          \u003Cspan\u003E11\u003C\/span\u003E\n                                    \u003Cspan\u003E-\u003C\/span\u003E\n              \u003Cspan\u003E13\u003C\/span\u003E\n                              \u003C\/div\u003E\n                    \u003Cdiv class=\u0022EventTeaser-date--month\u0022\u003E\n          \u003Cspan\u003ESept\u003C\/span\u003E\n                                        \u003C\/div\u003E\n          \u003C\/div\u003E\n\n    \u003Cdiv class=\u0022EventTeaser-links\u0022\u003E\n      \u003Cdiv class=\u0022EventTeaser-link\u0022\u003E\n                  \u003Ca href=\u0022\/veronique-de-bure\u0022\u003E\n            \u003Cdiv class=\u0022EventTeaser-link--label\u0022\u003EFiche\u003Cbr \/\u003EAuteur\u003C\/div\u003E\n            \u003Csvg class=\u0022icon icon-chevron\u0022 aria-hidden=\u0022true\u0022 focusable=\u0022false\u0022 width=\u002212\u0022 height=\u002224\u0022\u003E\u003Cuse xlink:href=\u0022\/themes\/custom\/albin_michel\/public\/dist\/icons.svg#icon-chevron\u0022\u003E\u003C\/use\u003E\u003C\/svg\u003E\n          \u003C\/a\u003E\n              \u003C\/div\u003E\n      \u003Cdiv class=\u0022EventTeaser-link\u0022\u003E\n                  \u003Ca href=\u0022\/le-roman-de-sophie-9782226494788\u0022\u003E\n            \u003Cdiv class=\u0022EventTeaser-link--label\u0022\u003EFiche\u003Cbr \/\u003EOuvrage\u003C\/div\u003E\n            \u003Csvg class=\u0022icon icon-chevron\u0022 aria-hidden=\u0022true\u0022 focusable=\u0022false\u0022 width=\u002212\u0022 height=\u002224\u0022\u003E\u003Cuse xlink:href=\u0022\/themes\/custom\/albin_michel\/public\/dist\/icons.svg#icon-chevron\u0022\u003E\u003C\/use\u003E\u003C\/svg\u003E\n          \u003C\/a\u003E\n              \u003C\/div\u003E\n    \u003C\/div\u003E\n  \u003C\/div\u003E\n\n  \u003Cdiv class=\u0022EventTeaser-content\u0022\u003E\n    \u003Cdiv class=\u0022EventTeaser-title\u0022\u003E\n      \u003Ch3\u003E\n\u003Cspan\u003EV\u00e9ronique De Bure \u00e0 Nancy \u003C\/span\u003E\n\u003C\/h3\u003E\n    \u003C\/div\u003E\n    \u003Cdiv class=\u0022EventTeaser-description\u0022\u003E\n              \u003Cp\u003ERencontre et d\u00e9dicace au salon Le Livre sur la Place en partenariat avec la librairie Didier.\u0026nbsp;\u003C\/p\u003E\u003Cp\u003EPour plus d\u0027informations, rendez-vous \u003Ca href=\u0022https:\/\/lelivresurlaplace.nancy.fr\/toute-lannee\/actualites\/detail-actualite\/le-livre-sur-la-place-devoile-son-affiche-et-les-presidents-de-ledition-2026\u0022\u003E\u00e0 ce lien\u003C\/a\u003E\u003C\/p\u003E\n          \u003C\/div\u003E\n\n    \u003Cdiv class=\u0022EventTeaser-metas\u0022\u003E\n      \u003Cdiv class=\u0022EventTeaser-meta\u0022\u003E\n                  \u003Cdiv class=\u0022EventTeaser-meta-icon\u0022\u003E\n            \u003Csvg class=\u0022icon icon-clock\u0022 aria-hidden=\u0022true\u0022 focusable=\u0022false\u0022 width=\u002215\u0022 height=\u002215\u0022\u003E\u003Cuse xlink:href=\u0022\/themes\/custom\/albin_michel\/public\/dist\/icons.svg#icon-clock\u0022\u003E\u003C\/use\u003E\u003C\/svg\u003E\n          \u003C\/div\u003E\n          \u003Cdiv class=\u0022EventTeaser-meta-label\u0022\u003E\n            10h00\n          \u003C\/div\u003E\n        \u003C\/div\u003E\n              \u003Cdiv class=\u0022EventTeaser-meta\u0022\u003E\n        \u003Cdiv class=\u0022EventTeaser-meta-icon\u0022\u003E\n          \u003Csvg class=\u0022icon icon-marker\u0022 aria-hidden=\u0022true\u0022 focusable=\u0022false\u0022 width=\u002212.5\u0022 height=\u002215\u0022\u003E\u003Cuse xlink:href=\u0022\/themes\/custom\/albin_michel\/public\/dist\/icons.svg#icon-marker\u0022\u003E\u003C\/use\u003E\u003C\/svg\u003E\n        \u003C\/div\u003E\n        \u003Cdiv class=\u0022EventTeaser-meta-label\u0022\u003E\n                      Place de la carri\u00e8re \u003Cbr \/\u003E\n                              54000\n          Nancy \n        \u003C\/div\u003E\n      \u003C\/div\u003E\n    \u003C\/div\u003E\n  \u003C\/div\u003E\n\n  \u003Cdiv class=\u0022EventTeaser-follow mq--onlyPhone\u0022\u003E\n    \u003Ca href=\u0022\/agenda\/event\/ical\/80614\u0022\u003E\n      \u003Cdiv class=\u0022EventTeaser-follow-label\u0022\u003E\n        Cr\u00e9er\u003Cbr \/\u003Eun rappel\n      \u003C\/div\u003E\n      \u003Cdiv class=\u0022EventTeaser-follow-button\u0022\u003E\n        \u003Csvg class=\u0022icon icon-plus\u0022 aria-hidden=\u0022true\u0022 focusable=\u0022false\u0022 width=\u002215\u0022 height=\u002215\u0022\u003E\u003Cuse xlink:href=\u0022\/themes\/custom\/albin_michel\/public\/dist\/icons.svg#icon-plus\u0022\u003E\u003C\/use\u003E\u003C\/svg\u003E\n      \u003C\/div\u003E\n    \u003C\/a\u003E\n  \u003C\/div\u003E\n\u003C\/article\u003E\n\n      \n\u003Carticle data-history-node-id=\u002280644\u0022 class=\u0022EventTeaser\u0022\u003E\n  \u003Cdiv class=\u0022EventTeaser-header\u0022\u003E\n    \u003Cdiv class=\u0022EventTeaser-date\u0022\u003E\n              \u003Cdiv class=\u0022EventTeaser-date--day\u0022\u003E\n          \u003Cspan\u003E11\u003C\/span\u003E\n                                    \u003Cspan\u003E-\u003C\/span\u003E\n              \u003Cspan\u003E13\u003C\/span\u003E\n                              \u003C\/div\u003E\n                    \u003Cdiv class=\u0022EventTeaser-date--month\u0022\u003E\n          \u003Cspan\u003ESept\u003C\/span\u003E\n                                        \u003C\/div\u003E\n          \u003C\/div\u003E\n\n    \u003Cdiv class=\u0022EventTeaser-links\u0022\u003E\n      \u003Cdiv class=\u0022EventTeaser-link\u0022\u003E\n                  \u003Ca href=\u0022\/line-papin\u0022\u003E\n            \u003Cdiv class=\u0022EventTeaser-link--label\u0022\u003EFiche\u003Cbr \/\u003EAuteur\u003C\/div\u003E\n            \u003Csvg class=\u0022icon icon-chevron\u0022 aria-hidden=\u0022true\u0022 focusable=\u0022false\u0022 width=\u002212\u0022 height=\u002224\u0022\u003E\u003Cuse xlink:href=\u0022\/themes\/custom\/albin_michel\/public\/dist\/icons.svg#icon-chevron\u0022\u003E\u003C\/use\u003E\u003C\/svg\u003E\n          \u003C\/a\u003E\n              \u003C\/div\u003E\n      \u003Cdiv class=\u0022EventTeaser-link\u0022\u003E\n                  \u003Ca href=\u0022\/hanoi-stories-9782226510174\u0022\u003E\n            \u003Cdiv class=\u0022EventTeaser-link--label\u0022\u003EFiche\u003Cbr \/\u003EOuvrage\u003C\/div\u003E\n            \u003Csvg class=\u0022icon icon-chevron\u0022 aria-hidden=\u0022true\u0022 focusable=\u0022false\u0022 width=\u002212\u0022 height=\u002224\u0022\u003E\u003Cuse xlink:href=\u0022\/themes\/custom\/albin_michel\/public\/dist\/icons.svg#icon-chevron\u0022\u003E\u003C\/use\u003E\u003C\/svg\u003E\n          \u003C\/a\u003E\n              \u003C\/div\u003E\n    \u003C\/div\u003E\n  \u003C\/div\u003E\n\n  \u003Cdiv class=\u0022EventTeaser-content\u0022\u003E\n    \u003Cdiv class=\u0022EventTeaser-title\u0022\u003E\n      \u003Ch3\u003E\n\u003Cspan\u003ELine Papin \u00e0 Nancy\u003C\/span\u003E\n\u003C\/h3\u003E\n    \u003C\/div\u003E\n    \u003Cdiv class=\u0022EventTeaser-description\u0022\u003E\n              \u003Cp\u003ERencontre et d\u00e9dicace au festival du Livre sur la Place en partenariat avec la librairie Didier.\u0026nbsp;\u003C\/p\u003E\u003Cp\u003EPour plus d\u0027informations, rendez-vous \u003Ca href=\u0022https:\/\/lelivresurlaplace.nancy.fr\/le-salon\/infos-pratiques\u0022\u003E\u00e0 ce lien\u003C\/a\u003E\u003C\/p\u003E\n          \u003C\/div\u003E\n\n    \u003Cdiv class=\u0022EventTeaser-metas\u0022\u003E\n      \u003Cdiv class=\u0022EventTeaser-meta\u0022\u003E\n                  \u003Cdiv class=\u0022EventTeaser-meta-icon\u0022\u003E\n            \u003Csvg class=\u0022icon icon-clock\u0022 aria-hidden=\u0022true\u0022 focusable=\u0022false\u0022 width=\u002215\u0022 height=\u002215\u0022\u003E\u003Cuse xlink:href=\u0022\/themes\/custom\/albin_michel\/public\/dist\/icons.svg#icon-clock\u0022\u003E\u003C\/use\u003E\u003C\/svg\u003E\n          \u003C\/div\u003E\n          \u003Cdiv class=\u0022EventTeaser-meta-label\u0022\u003E\n            10h00\n          \u003C\/div\u003E\n        \u003C\/div\u003E\n              \u003Cdiv class=\u0022EventTeaser-meta\u0022\u003E\n        \u003Cdiv class=\u0022EventTeaser-meta-icon\u0022\u003E\n          \u003Csvg class=\u0022icon icon-marker\u0022 aria-hidden=\u0022true\u0022 focusable=\u0022false\u0022 width=\u002212.5\u0022 height=\u002215\u0022\u003E\u003Cuse xlink:href=\u0022\/themes\/custom\/albin_michel\/public\/dist\/icons.svg#icon-marker\u0022\u003E\u003C\/use\u003E\u003C\/svg\u003E\n        \u003C\/div\u003E\n        \u003Cdiv class=\u0022EventTeaser-meta-label\u0022\u003E\n                      Place de la carri\u00e8re \u003Cbr \/\u003E\n                              54000\n          Nancy \n        \u003C\/div\u003E\n      \u003C\/div\u003E\n    \u003C\/div\u003E\n  \u003C\/div\u003E\n\n  \u003Cdiv class=\u0022EventTeaser-follow mq--onlyPhone\u0022\u003E\n    \u003Ca href=\u0022\/agenda\/event\/ical\/80644\u0022\u003E\n      \u003Cdiv class=\u0022EventTeaser-follow-label\u0022\u003E\n        Cr\u00e9er\u003Cbr \/\u003Eun rappel\n      \u003C\/div\u003E\n      \u003Cdiv class=\u0022EventTeaser-follow-button\u0022\u003E\n        \u003Csvg class=\u0022icon icon-plus\u0022 aria-hidden=\u0022true\u0022 focusable=\u0022false\u0022 width=\u002215\u0022 height=\u002215\u0022\u003E\u003Cuse xlink:href=\u0022\/themes\/custom\/albin_michel\/public\/dist\/icons.svg#icon-plus\u0022\u003E\u003C\/use\u003E\u003C\/svg\u003E\n      \u003C\/div\u003E\n    \u003C\/a\u003E\n  \u003C\/div\u003E\n\u003C\/article\u003E\n\n      \n\u003Carticle data-history-node-id=\u002280783\u0022 class=\u0022EventTeaser\u0022\u003E\n  \u003Cdiv class=\u0022EventTeaser-header\u0022\u003E\n    \u003Cdiv class=\u0022EventTeaser-date\u0022\u003E\n              \u003Cdiv class=\u0022EventTeaser-date--day\u0022\u003E\n          \u003Cspan\u003E11\u003C\/span\u003E\n                                    \u003Cspan\u003E-\u003C\/span\u003E\n              \u003Cspan\u003E13\u003C\/span\u003E\n                              \u003C\/div\u003E\n                    \u003Cdiv class=\u0022EventTeaser-date--month\u0022\u003E\n          \u003Cspan\u003ESept\u003C\/span\u003E\n                                        \u003C\/div\u003E\n          \u003C\/div\u003E\n\n    \u003Cdiv class=\u0022EventTeaser-links\u0022\u003E\n      \u003Cdiv class=\u0022EventTeaser-link\u0022\u003E\n                  \u003Ca href=\u0022\/serge-joncour\u0022\u003E\n            \u003Cdiv class=\u0022EventTeaser-link--label\u0022\u003EFiche\u003Cbr \/\u003EAuteur\u003C\/div\u003E\n            \u003Csvg class=\u0022icon icon-chevron\u0022 aria-hidden=\u0022true\u0022 focusable=\u0022false\u0022 width=\u002212\u0022 height=\u002224\u0022\u003E\u003Cuse xlink:href=\u0022\/themes\/custom\/albin_michel\/public\/dist\/icons.svg#icon-chevron\u0022\u003E\u003C\/use\u003E\u003C\/svg\u003E\n          \u003C\/a\u003E\n              \u003C\/div\u003E\n      \u003Cdiv class=\u0022EventTeaser-link\u0022\u003E\n                  \u003Ca href=\u0022\/une-histoire-damours-9782226478351\u0022\u003E\n            \u003Cdiv class=\u0022EventTeaser-link--label\u0022\u003EFiche\u003Cbr \/\u003EOuvrage\u003C\/div\u003E\n            \u003Csvg class=\u0022icon icon-chevron\u0022 aria-hidden=\u0022true\u0022 focusable=\u0022false\u0022 width=\u002212\u0022 height=\u002224\u0022\u003E\u003Cuse xlink:href=\u0022\/themes\/custom\/albin_michel\/public\/dist\/icons.svg#icon-chevron\u0022\u003E\u003C\/use\u003E\u003C\/svg\u003E\n          \u003C\/a\u003E\n              \u003C\/div\u003E\n    \u003C\/div\u003E\n  \u003C\/div\u003E\n\n  \u003Cdiv class=\u0022EventTeaser-content\u0022\u003E\n    \u003Cdiv class=\u0022EventTeaser-title\u0022\u003E\n      \u003Ch3\u003E\n\u003Cspan\u003ESerge Joncour \u00e0 Nancy\u003C\/span\u003E\n\u003C\/h3\u003E\n    \u003C\/div\u003E\n    \u003Cdiv class=\u0022EventTeaser-description\u0022\u003E\n              \u003Cp\u003ERencontre et d\u00e9dicaces au salon Livre sur la Place en partenariat avec la librairie Didier.\u0026nbsp;\u003C\/p\u003E\u003Cp\u003EPour plus d\u0027informations, rendez-vous \u003Ca href=\u0022https:\/\/lelivresurlaplace.nancy.fr\/le-salon\/a-propos\u0022\u003E\u00e0 ce lien\u003C\/a\u003E.\u0026nbsp;\u003C\/p\u003E\n          \u003C\/div\u003E\n\n    \u003Cdiv class=\u0022EventTeaser-metas\u0022\u003E\n      \u003Cdiv class=\u0022EventTeaser-meta\u0022\u003E\n                  \u003Cdiv class=\u0022EventTeaser-meta-icon\u0022\u003E\n            \u003Csvg class=\u0022icon icon-clock\u0022 aria-hidden=\u0022true\u0022 focusable=\u0022false\u0022 width=\u002215\u0022 height=\u002215\u0022\u003E\u003Cuse xlink:href=\u0022\/themes\/custom\/albin_michel\/public\/dist\/icons.svg#icon-clock\u0022\u003E\u003C\/use\u003E\u003C\/svg\u003E\n          \u003C\/div\u003E\n          \u003Cdiv class=\u0022EventTeaser-meta-label\u0022\u003E\n            10h00\n          \u003C\/div\u003E\n        \u003C\/div\u003E\n              \u003Cdiv class=\u0022EventTeaser-meta\u0022\u003E\n        \u003Cdiv class=\u0022EventTeaser-meta-icon\u0022\u003E\n          \u003Csvg class=\u0022icon icon-marker\u0022 aria-hidden=\u0022true\u0022 focusable=\u0022false\u0022 width=\u002212.5\u0022 height=\u002215\u0022\u003E\u003Cuse xlink:href=\u0022\/themes\/custom\/albin_michel\/public\/dist\/icons.svg#icon-marker\u0022\u003E\u003C\/use\u003E\u003C\/svg\u003E\n        \u003C\/div\u003E\n        \u003Cdiv class=\u0022EventTeaser-meta-label\u0022\u003E\n                      Place de la carri\u00e8re \u003Cbr \/\u003E\n                              54000\n          Nancy \n        \u003C\/div\u003E\n      \u003C\/div\u003E\n    \u003C\/div\u003E\n  \u003C\/div\u003E\n\n  \u003Cdiv class=\u0022EventTeaser-follow mq--onlyPhone\u0022\u003E\n    \u003Ca href=\u0022\/agenda\/event\/ical\/80783\u0022\u003E\n      \u003Cdiv class=\u0022EventTeaser-follow-label\u0022\u003E\n        Cr\u00e9er\u003Cbr \/\u003Eun rappel\n      \u003C\/div\u003E\n      \u003Cdiv class=\u0022EventTeaser-follow-button\u0022\u003E\n        \u003Csvg class=\u0022icon icon-plus\u0022 aria-hidden=\u0022true\u0022 focusable=\u0022false\u0022 width=\u002215\u0022 height=\u002215\u0022\u003E\u003Cuse xlink:href=\u0022\/themes\/custom\/albin_michel\/public\/dist\/icons.svg#icon-plus\u0022\u003E\u003C\/use\u003E\u003C\/svg\u003E\n      \u003C\/div\u003E\n    \u003C\/a\u003E\n  \u003C\/div\u003E\n\u003C\/article\u003E\n\n      \n\u003Carticle data-history-node-id=\u002280854\u0022 class=\u0022EventTeaser\u0022\u003E\n  \u003Cdiv class=\u0022EventTeaser-header\u0022\u003E\n    \u003Cdiv class=\u0022EventTeaser-date\u0022\u003E\n              \u003Cdiv class=\u0022EventTeaser-date--day\u0022\u003E\n          \u003Cspan\u003E11\u003C\/span\u003E\n                                    \u003Cspan\u003E-\u003C\/span\u003E\n              \u003Cspan\u003E13\u003C\/span\u003E\n                              \u003C\/div\u003E\n                    \u003Cdiv class=\u0022EventTeaser-date--month\u0022\u003E\n          \u003Cspan\u003ESept\u003C\/span\u003E\n                                        \u003C\/div\u003E\n          \u003C\/div\u003E\n\n    \u003Cdiv class=\u0022EventTeaser-links\u0022\u003E\n      \u003Cdiv class=\u0022EventTeaser-link\u0022\u003E\n                  \u003Ca href=\u0022\/marion-brunet\u0022\u003E\n            \u003Cdiv class=\u0022EventTeaser-link--label\u0022\u003EFiche\u003Cbr \/\u003EAuteur\u003C\/div\u003E\n            \u003Csvg class=\u0022icon icon-chevron\u0022 aria-hidden=\u0022true\u0022 focusable=\u0022false\u0022 width=\u002212\u0022 height=\u002224\u0022\u003E\u003Cuse xlink:href=\u0022\/themes\/custom\/albin_michel\/public\/dist\/icons.svg#icon-chevron\u0022\u003E\u003C\/use\u003E\u003C\/svg\u003E\n          \u003C\/a\u003E\n              \u003C\/div\u003E\n      \u003Cdiv class=\u0022EventTeaser-link\u0022\u003E\n                  \u003Ca href=\u0022\/nos-armes-9782226471000\u0022\u003E\n            \u003Cdiv class=\u0022EventTeaser-link--label\u0022\u003EFiche\u003Cbr \/\u003EOuvrage\u003C\/div\u003E\n            \u003Csvg class=\u0022icon icon-chevron\u0022 aria-hidden=\u0022true\u0022 focusable=\u0022false\u0022 width=\u002212\u0022 height=\u002224\u0022\u003E\u003Cuse xlink:href=\u0022\/themes\/custom\/albin_michel\/public\/dist\/icons.svg#icon-chevron\u0022\u003E\u003C\/use\u003E\u003C\/svg\u003E\n          \u003C\/a\u003E\n              \u003C\/div\u003E\n    \u003C\/div\u003E\n  \u003C\/div\u003E\n\n  \u003Cdiv class=\u0022EventTeaser-content\u0022\u003E\n    \u003Cdiv class=\u0022EventTeaser-title\u0022\u003E\n      \u003Ch3\u003E\n\u003Cspan\u003EMarion Brunet \u00e0 Nancy\u003C\/span\u003E\n\u003C\/h3\u003E\n    \u003C\/div\u003E\n    \u003Cdiv class=\u0022EventTeaser-description\u0022\u003E\n              \u003Cp\u003ERencontre et d\u00e9dicaces au Salon le Livre sur le Place de Nancy.\u003Cbr\u003E\u003Cbr\u003EPour plus d\u0027informations, rendez-vous sur \u003Ca href=\u0022https:\/\/lelivresurlaplace.nancy.fr\/accueil\u0022\u003Ecette page\u003C\/a\u003E.\u003C\/p\u003E\n          \u003C\/div\u003E\n\n    \u003Cdiv class=\u0022EventTeaser-metas\u0022\u003E\n      \u003Cdiv class=\u0022EventTeaser-meta\u0022\u003E\n                  \u003Cdiv class=\u0022EventTeaser-meta-icon\u0022\u003E\n            \u003Csvg class=\u0022icon icon-clock\u0022 aria-hidden=\u0022true\u0022 focusable=\u0022false\u0022 width=\u002215\u0022 height=\u002215\u0022\u003E\u003Cuse xlink:href=\u0022\/themes\/custom\/albin_michel\/public\/dist\/icons.svg#icon-clock\u0022\u003E\u003C\/use\u003E\u003C\/svg\u003E\n          \u003C\/div\u003E\n          \u003Cdiv class=\u0022EventTeaser-meta-label\u0022\u003E\n            10h00\n          \u003C\/div\u003E\n        \u003C\/div\u003E\n              \u003Cdiv class=\u0022EventTeaser-meta\u0022\u003E\n        \u003Cdiv class=\u0022EventTeaser-meta-icon\u0022\u003E\n          \u003Csvg class=\u0022icon icon-marker\u0022 aria-hidden=\u0022true\u0022 focusable=\u0022false\u0022 width=\u002212.5\u0022 height=\u002215\u0022\u003E\u003Cuse xlink:href=\u0022\/themes\/custom\/albin_michel\/public\/dist\/icons.svg#icon-marker\u0022\u003E\u003C\/use\u003E\u003C\/svg\u003E\n        \u003C\/div\u003E\n        \u003Cdiv class=\u0022EventTeaser-meta-label\u0022\u003E\n                      Place de la Carri\u00e8re\u003Cbr \/\u003E\n                              54000\n          Nancy\n        \u003C\/div\u003E\n      \u003C\/div\u003E\n    \u003C\/div\u003E\n  \u003C\/div\u003E\n\n  \u003Cdiv class=\u0022EventTeaser-follow mq--onlyPhone\u0022\u003E\n    \u003Ca href=\u0022\/agenda\/event\/ical\/80854\u0022\u003E\n      \u003Cdiv class=\u0022EventTeaser-follow-label\u0022\u003E\n        Cr\u00e9er\u003Cbr \/\u003Eun rappel\n      \u003C\/div\u003E\n      \u003Cdiv class=\u0022EventTeaser-follow-button\u0022\u003E\n        \u003Csvg class=\u0022icon icon-plus\u0022 aria-hidden=\u0022true\u0022 focusable=\u0022false\u0022 width=\u002215\u0022 height=\u002215\u0022\u003E\u003Cuse xlink:href=\u0022\/themes\/custom\/albin_michel\/public\/dist\/icons.svg#icon-plus\u0022\u003E\u003C\/use\u003E\u003C\/svg\u003E\n      \u003C\/div\u003E\n    \u003C\/a\u003E\n  \u003C\/div\u003E\n\u003C\/article\u003E\n\n      \n\u003Carticle data-history-node-id=\u002282395\u0022 class=\u0022EventTeaser\u0022\u003E\n  \u003Cdiv class=\u0022EventTeaser-header\u0022\u003E\n    \u003Cdiv class=\u0022EventTeaser-date\u0022\u003E\n              \u003Cdiv class=\u0022EventTeaser-date--day\u0022\u003E\n          \u003Cspan\u003E11\u003C\/span\u003E\n                                    \u003Cspan\u003E-\u003C\/span\u003E\n              \u003Cspan\u003E13\u003C\/span\u003E\n                              \u003C\/div\u003E\n                    \u003Cdiv class=\u0022EventTeaser-date--month\u0022\u003E\n          \u003Cspan\u003ESept\u003C\/span\u003E\n                                        \u003C\/div\u003E\n          \u003C\/div\u003E\n\n    \u003Cdiv class=\u0022EventTeaser-links\u0022\u003E\n      \u003Cdiv class=\u0022EventTeaser-link\u0022\u003E\n                  \u003Ca href=\u0022\/daniel-picouly\u0022\u003E\n            \u003Cdiv class=\u0022EventTeaser-link--label\u0022\u003EFiche\u003Cbr \/\u003EAuteur\u003C\/div\u003E\n            \u003Csvg class=\u0022icon icon-chevron\u0022 aria-hidden=\u0022true\u0022 focusable=\u0022false\u0022 width=\u002212\u0022 height=\u002224\u0022\u003E\u003Cuse xlink:href=\u0022\/themes\/custom\/albin_michel\/public\/dist\/icons.svg#icon-chevron\u0022\u003E\u003C\/use\u003E\u003C\/svg\u003E\n          \u003C\/a\u003E\n              \u003C\/div\u003E\n      \u003Cdiv class=\u0022EventTeaser-link\u0022\u003E\n                  \u003Ca href=\u0022\/demba-9782226465900\u0022\u003E\n            \u003Cdiv class=\u0022EventTeaser-link--label\u0022\u003EFiche\u003Cbr \/\u003EOuvrage\u003C\/div\u003E\n            \u003Csvg class=\u0022icon icon-chevron\u0022 aria-hidden=\u0022true\u0022 focusable=\u0022false\u0022 width=\u002212\u0022 height=\u002224\u0022\u003E\u003Cuse xlink:href=\u0022\/themes\/custom\/albin_michel\/public\/dist\/icons.svg#icon-chevron\u0022\u003E\u003C\/use\u003E\u003C\/svg\u003E\n          \u003C\/a\u003E\n              \u003C\/div\u003E\n    \u003C\/div\u003E\n  \u003C\/div\u003E\n\n  \u003Cdiv class=\u0022EventTeaser-content\u0022\u003E\n    \u003Cdiv class=\u0022EventTeaser-title\u0022\u003E\n      \u003Ch3\u003E\n\u003Cspan\u003EDaniel Picouly \u00e0 Nancy\u003C\/span\u003E\n\u003C\/h3\u003E\n    \u003C\/div\u003E\n    \u003Cdiv class=\u0022EventTeaser-description\u0022\u003E\n              \u003Cp\u003ERencontre et d\u00e9dicaces au Salon du livre Le livre sur la Place pour la signature de sa nouveaut\u00e9 en avant-premi\u00e8re.\u003Cbr\u003E\u003Cbr\u003EPour plus d\u0027informations, rendez-vous sur \u003Ca href=\u0022https:\/\/lelivresurlaplace.nancy.fr\/accueil\u0022\u003Ecette page\u003C\/a\u003E.\u003C\/p\u003E\n          \u003C\/div\u003E\n\n    \u003Cdiv class=\u0022EventTeaser-metas\u0022\u003E\n      \u003Cdiv class=\u0022EventTeaser-meta\u0022\u003E\n                  \u003Cdiv class=\u0022EventTeaser-meta-icon\u0022\u003E\n            \u003Csvg class=\u0022icon icon-clock\u0022 aria-hidden=\u0022true\u0022 focusable=\u0022false\u0022 width=\u002215\u0022 height=\u002215\u0022\u003E\u003Cuse xlink:href=\u0022\/themes\/custom\/albin_michel\/public\/dist\/icons.svg#icon-clock\u0022\u003E\u003C\/use\u003E\u003C\/svg\u003E\n          \u003C\/div\u003E\n          \u003Cdiv class=\u0022EventTeaser-meta-label\u0022\u003E\n            10h00\n          \u003C\/div\u003E\n        \u003C\/div\u003E\n              \u003Cdiv class=\u0022EventTeaser-meta\u0022\u003E\n        \u003Cdiv class=\u0022EventTeaser-meta-icon\u0022\u003E\n          \u003Csvg class=\u0022icon icon-marker\u0022 aria-hidden=\u0022true\u0022 focusable=\u0022false\u0022 width=\u002212.5\u0022 height=\u002215\u0022\u003E\u003Cuse xlink:href=\u0022\/themes\/custom\/albin_michel\/public\/dist\/icons.svg#icon-marker\u0022\u003E\u003C\/use\u003E\u003C\/svg\u003E\n        \u003C\/div\u003E\n        \u003Cdiv class=\u0022EventTeaser-meta-label\u0022\u003E\n                      Place de la Carri\u00e8re \u003Cbr \/\u003E\n                                27 Place de la Carri\u00e8re\u003Cbr \/\u003E\n                    54395\n          Nancy\n        \u003C\/div\u003E\n      \u003C\/div\u003E\n    \u003C\/div\u003E\n  \u003C\/div\u003E\n\n  \u003Cdiv class=\u0022EventTeaser-follow mq--onlyPhone\u0022\u003E\n    \u003Ca href=\u0022\/agenda\/event\/ical\/82395\u0022\u003E\n      \u003Cdiv class=\u0022EventTeaser-follow-label\u0022\u003E\n        Cr\u00e9er\u003Cbr \/\u003Eun rappel\n      \u003C\/div\u003E\n      \u003Cdiv class=\u0022EventTeaser-follow-button\u0022\u003E\n        \u003Csvg class=\u0022icon icon-plus\u0022 aria-hidden=\u0022true\u0022 focusable=\u0022false\u0022 width=\u002215\u0022 height=\u002215\u0022\u003E\u003Cuse xlink:href=\u0022\/themes\/custom\/albin_michel\/public\/dist\/icons.svg#icon-plus\u0022\u003E\u003C\/use\u003E\u003C\/svg\u003E\n      \u003C\/div\u003E\n    \u003C\/a\u003E\n  \u003C\/div\u003E\n\u003C\/article\u003E\n\n      \n\u003Carticle data-history-node-id=\u002280596\u0022 class=\u0022EventTeaser\u0022\u003E\n  \u003Cdiv class=\u0022EventTeaser-header\u0022\u003E\n    \u003Cdiv class=\u0022EventTeaser-date\u0022\u003E\n              \u003Cdiv class=\u0022EventTeaser-date--day\u0022\u003E\n          \u003Cspan\u003E11\u003C\/span\u003E\n                  \u003C\/div\u003E\n                    \u003Cdiv class=\u0022EventTeaser-date--month\u0022\u003E\n          \u003Cspan\u003ESept\u003C\/span\u003E\n                  \u003C\/div\u003E\n          \u003C\/div\u003E\n\n    \u003Cdiv class=\u0022EventTeaser-links\u0022\u003E\n      \u003Cdiv class=\u0022EventTeaser-link\u0022\u003E\n                  \u003Ca href=\u0022\/amelie-nothomb\u0022\u003E\n            \u003Cdiv class=\u0022EventTeaser-link--label\u0022\u003EFiche\u003Cbr \/\u003EAuteur\u003C\/div\u003E\n            \u003Csvg class=\u0022icon icon-chevron\u0022 aria-hidden=\u0022true\u0022 focusable=\u0022false\u0022 width=\u002212\u0022 height=\u002224\u0022\u003E\u003Cuse xlink:href=\u0022\/themes\/custom\/albin_michel\/public\/dist\/icons.svg#icon-chevron\u0022\u003E\u003C\/use\u003E\u003C\/svg\u003E\n          \u003C\/a\u003E\n              \u003C\/div\u003E\n      \u003Cdiv class=\u0022EventTeaser-link\u0022\u003E\n                  \u003Ca href=\u0022\/ladolescence-du-perroquet-9782226513045\u0022\u003E\n            \u003Cdiv class=\u0022EventTeaser-link--label\u0022\u003EFiche\u003Cbr \/\u003EOuvrage\u003C\/div\u003E\n            \u003Csvg class=\u0022icon icon-chevron\u0022 aria-hidden=\u0022true\u0022 focusable=\u0022false\u0022 width=\u002212\u0022 height=\u002224\u0022\u003E\u003Cuse xlink:href=\u0022\/themes\/custom\/albin_michel\/public\/dist\/icons.svg#icon-chevron\u0022\u003E\u003C\/use\u003E\u003C\/svg\u003E\n          \u003C\/a\u003E\n              \u003C\/div\u003E\n    \u003C\/div\u003E\n  \u003C\/div\u003E\n\n  \u003Cdiv class=\u0022EventTeaser-content\u0022\u003E\n    \u003Cdiv class=\u0022EventTeaser-title\u0022\u003E\n      \u003Ch3\u003E\n\u003Cspan\u003EAm\u00e9lie Nothomb \u00e0 Nancy\u003C\/span\u003E\n\u003C\/h3\u003E\n    \u003C\/div\u003E\n    \u003Cdiv class=\u0022EventTeaser-description\u0022\u003E\n              \u003Cp\u003ERencontre et d\u00e9dicace au salon Le Livre sur la Place en partenariat avec la librairie Didier.\u0026nbsp;\u003C\/p\u003E\u003Cp\u003EPour plus d\u0027informations, rendez-vous \u003Ca href=\u0022https:\/\/lelivresurlaplace.nancy.fr\/le-salon\/a-propos\u0022\u003E\u00e0 ce lien\u003C\/a\u003E\u003C\/p\u003E\u003Cp\u003EHoraire a pr\u00e9ciser\u0026nbsp;\u003C\/p\u003E\n          \u003C\/div\u003E\n\n    \u003Cdiv class=\u0022EventTeaser-metas\u0022\u003E\n      \u003Cdiv class=\u0022EventTeaser-meta\u0022\u003E\n                  \u003Cdiv class=\u0022EventTeaser-meta-icon\u0022\u003E\n            \u003Csvg class=\u0022icon icon-clock\u0022 aria-hidden=\u0022true\u0022 focusable=\u0022false\u0022 width=\u002215\u0022 height=\u002215\u0022\u003E\u003Cuse xlink:href=\u0022\/themes\/custom\/albin_michel\/public\/dist\/icons.svg#icon-clock\u0022\u003E\u003C\/use\u003E\u003C\/svg\u003E\n          \u003C\/div\u003E\n          \u003Cdiv class=\u0022EventTeaser-meta-label\u0022\u003E\n            12h00\n          \u003C\/div\u003E\n        \u003C\/div\u003E\n              \u003Cdiv class=\u0022EventTeaser-meta\u0022\u003E\n        \u003Cdiv class=\u0022EventTeaser-meta-icon\u0022\u003E\n          \u003Csvg class=\u0022icon icon-marker\u0022 aria-hidden=\u0022true\u0022 focusable=\u0022false\u0022 width=\u002212.5\u0022 height=\u002215\u0022\u003E\u003Cuse xlink:href=\u0022\/themes\/custom\/albin_michel\/public\/dist\/icons.svg#icon-marker\u0022\u003E\u003C\/use\u003E\u003C\/svg\u003E\n        \u003C\/div\u003E\n        \u003Cdiv class=\u0022EventTeaser-meta-label\u0022\u003E\n                      Place de la carri\u00e8re \u003Cbr \/\u003E\n                              54000\n          Nancy \n        \u003C\/div\u003E\n      \u003C\/div\u003E\n    \u003C\/div\u003E\n  \u003C\/div\u003E\n\n  \u003Cdiv class=\u0022EventTeaser-follow mq--onlyPhone\u0022\u003E\n    \u003Ca href=\u0022\/agenda\/event\/ical\/80596\u0022\u003E\n      \u003Cdiv class=\u0022EventTeaser-follow-label\u0022\u003E\n        Cr\u00e9er\u003Cbr \/\u003Eun rappel\n      \u003C\/div\u003E\n      \u003Cdiv class=\u0022EventTeaser-follow-button\u0022\u003E\n        \u003Csvg class=\u0022icon icon-plus\u0022 aria-hidden=\u0022true\u0022 focusable=\u0022false\u0022 width=\u002215\u0022 height=\u002215\u0022\u003E\u003Cuse xlink:href=\u0022\/themes\/custom\/albin_michel\/public\/dist\/icons.svg#icon-plus\u0022\u003E\u003C\/use\u003E\u003C\/svg\u003E\n      \u003C\/div\u003E\n    \u003C\/a\u003E\n  \u003C\/div\u003E\n\u003C\/article\u003E\n\n      \n\u003Carticle data-history-node-id=\u002280800\u0022 class=\u0022EventTeaser\u0022\u003E\n  \u003Cdiv class=\u0022EventTeaser-header\u0022\u003E\n    \u003Cdiv class=\u0022EventTeaser-date\u0022\u003E\n              \u003Cdiv class=\u0022EventTeaser-date--day\u0022\u003E\n          \u003Cspan\u003E11\u003C\/span\u003E\n                  \u003C\/div\u003E\n                    \u003Cdiv class=\u0022EventTeaser-date--month\u0022\u003E\n          \u003Cspan\u003ESept\u003C\/span\u003E\n                  \u003C\/div\u003E\n          \u003C\/div\u003E\n\n    \u003Cdiv class=\u0022EventTeaser-links\u0022\u003E\n      \u003Cdiv class=\u0022EventTeaser-link\u0022\u003E\n                  \u003Ca href=\u0022\/boris-bergmann\u0022\u003E\n            \u003Cdiv class=\u0022EventTeaser-link--label\u0022\u003EFiche\u003Cbr \/\u003EAuteur\u003C\/div\u003E\n            \u003Csvg class=\u0022icon icon-chevron\u0022 aria-hidden=\u0022true\u0022 focusable=\u0022false\u0022 width=\u002212\u0022 height=\u002224\u0022\u003E\u003Cuse xlink:href=\u0022\/themes\/custom\/albin_michel\/public\/dist\/icons.svg#icon-chevron\u0022\u003E\u003C\/use\u003E\u003C\/svg\u003E\n          \u003C\/a\u003E\n              \u003C\/div\u003E\n      \u003Cdiv class=\u0022EventTeaser-link\u0022\u003E\n                  \u003Ca href=\u0022\/minotaure-9782226511874\u0022\u003E\n            \u003Cdiv class=\u0022EventTeaser-link--label\u0022\u003EFiche\u003Cbr \/\u003EOuvrage\u003C\/div\u003E\n            \u003Csvg class=\u0022icon icon-chevron\u0022 aria-hidden=\u0022true\u0022 focusable=\u0022false\u0022 width=\u002212\u0022 height=\u002224\u0022\u003E\u003Cuse xlink:href=\u0022\/themes\/custom\/albin_michel\/public\/dist\/icons.svg#icon-chevron\u0022\u003E\u003C\/use\u003E\u003C\/svg\u003E\n          \u003C\/a\u003E\n              \u003C\/div\u003E\n    \u003C\/div\u003E\n  \u003C\/div\u003E\n\n  \u003Cdiv class=\u0022EventTeaser-content\u0022\u003E\n    \u003Cdiv class=\u0022EventTeaser-title\u0022\u003E\n      \u003Ch3\u003E\n\u003Cspan\u003EBoris Bergmann \u00e0 Paris\u003C\/span\u003E\n\u003C\/h3\u003E\n    \u003C\/div\u003E\n    \u003Cdiv class=\u0022EventTeaser-description\u0022\u003E\n              \u003Cp\u003ESoir\u00e9e de lancement de son nouvel ouvrage.\u0026nbsp;\u003C\/p\u003E\u003Cp\u003EPlus d\u0027informations \u003Ca href=\u0022https:\/\/www.librairiedesabbesses.com\/\u0022\u003E\u00e0 ce lien\u003C\/a\u003E.\u003C\/p\u003E\n          \u003C\/div\u003E\n\n    \u003Cdiv class=\u0022EventTeaser-metas\u0022\u003E\n      \u003Cdiv class=\u0022EventTeaser-meta\u0022\u003E\n                  \u003Cdiv class=\u0022EventTeaser-meta-icon\u0022\u003E\n            \u003Csvg class=\u0022icon icon-clock\u0022 aria-hidden=\u0022true\u0022 focusable=\u0022false\u0022 width=\u002215\u0022 height=\u002215\u0022\u003E\u003Cuse xlink:href=\u0022\/themes\/custom\/albin_michel\/public\/dist\/icons.svg#icon-clock\u0022\u003E\u003C\/use\u003E\u003C\/svg\u003E\n          \u003C\/div\u003E\n          \u003Cdiv class=\u0022EventTeaser-meta-label\u0022\u003E\n            18h00\n          \u003C\/div\u003E\n        \u003C\/div\u003E\n              \u003Cdiv class=\u0022EventTeaser-meta\u0022\u003E\n        \u003Cdiv class=\u0022EventTeaser-meta-icon\u0022\u003E\n          \u003Csvg class=\u0022icon icon-marker\u0022 aria-hidden=\u0022true\u0022 focusable=\u0022false\u0022 width=\u002212.5\u0022 height=\u002215\u0022\u003E\u003Cuse xlink:href=\u0022\/themes\/custom\/albin_michel\/public\/dist\/icons.svg#icon-marker\u0022\u003E\u003C\/use\u003E\u003C\/svg\u003E\n        \u003C\/div\u003E\n        \u003Cdiv class=\u0022EventTeaser-meta-label\u0022\u003E\n                      30 Rue Yvonne Le Tac\u003Cbr \/\u003E\n                              75018\n          Paris\n        \u003C\/div\u003E\n      \u003C\/div\u003E\n    \u003C\/div\u003E\n  \u003C\/div\u003E\n\n  \u003Cdiv class=\u0022EventTeaser-follow mq--onlyPhone\u0022\u003E\n    \u003Ca href=\u0022\/agenda\/event\/ical\/80800\u0022\u003E\n      \u003Cdiv class=\u0022EventTeaser-follow-label\u0022\u003E\n        Cr\u00e9er\u003Cbr \/\u003Eun rappel\n      \u003C\/div\u003E\n      \u003Cdiv class=\u0022EventTeaser-follow-button\u0022\u003E\n        \u003Csvg class=\u0022icon icon-plus\u0022 aria-hidden=\u0022true\u0022 focusable=\u0022false\u0022 width=\u002215\u0022 height=\u002215\u0022\u003E\u003Cuse xlink:href=\u0022\/themes\/custom\/albin_michel\/public\/dist\/icons.svg#icon-plus\u0022\u003E\u003C\/use\u003E\u003C\/svg\u003E\n      \u003C\/div\u003E\n    \u003C\/a\u003E\n  \u003C\/div\u003E\n\u003C\/article\u003E\n\n      \n\u003Carticle data-history-node-id=\u002280884\u0022 class=\u0022EventTeaser\u0022\u003E\n  \u003Cdiv class=\u0022EventTeaser-header\u0022\u003E\n    \u003Cdiv class=\u0022EventTeaser-date\u0022\u003E\n              \u003Cdiv class=\u0022EventTeaser-date--day\u0022\u003E\n          \u003Cspan\u003E11\u003C\/span\u003E\n                                        \u003C\/div\u003E\n                    \u003Cdiv class=\u0022EventTeaser-date--month\u0022\u003E\n          \u003Cspan\u003ESept\u003C\/span\u003E\n                                        \u003C\/div\u003E\n          \u003C\/div\u003E\n\n    \u003Cdiv class=\u0022EventTeaser-links\u0022\u003E\n      \u003Cdiv class=\u0022EventTeaser-link\u0022\u003E\n                  \u003Ca href=\u0022\/marina-yaloyan\u0022\u003E\n            \u003Cdiv class=\u0022EventTeaser-link--label\u0022\u003EFiche\u003Cbr \/\u003EAuteur\u003C\/div\u003E\n            \u003Csvg class=\u0022icon icon-chevron\u0022 aria-hidden=\u0022true\u0022 focusable=\u0022false\u0022 width=\u002212\u0022 height=\u002224\u0022\u003E\u003Cuse xlink:href=\u0022\/themes\/custom\/albin_michel\/public\/dist\/icons.svg#icon-chevron\u0022\u003E\u003C\/use\u003E\u003C\/svg\u003E\n          \u003C\/a\u003E\n              \u003C\/div\u003E\n      \u003Cdiv class=\u0022EventTeaser-link\u0022\u003E\n                  \u003Ca href=\u0022\/la-petite-pianiste-derevan-9782226512505\u0022\u003E\n            \u003Cdiv class=\u0022EventTeaser-link--label\u0022\u003EFiche\u003Cbr \/\u003EOuvrage\u003C\/div\u003E\n            \u003Csvg class=\u0022icon icon-chevron\u0022 aria-hidden=\u0022true\u0022 focusable=\u0022false\u0022 width=\u002212\u0022 height=\u002224\u0022\u003E\u003Cuse xlink:href=\u0022\/themes\/custom\/albin_michel\/public\/dist\/icons.svg#icon-chevron\u0022\u003E\u003C\/use\u003E\u003C\/svg\u003E\n          \u003C\/a\u003E\n              \u003C\/div\u003E\n    \u003C\/div\u003E\n  \u003C\/div\u003E\n\n  \u003Cdiv class=\u0022EventTeaser-content\u0022\u003E\n    \u003Cdiv class=\u0022EventTeaser-title\u0022\u003E\n      \u003Ch3\u003E\n\u003Cspan\u003EMarina Yaloyan \u00e0 Paris\u003C\/span\u003E\n\u003C\/h3\u003E\n    \u003C\/div\u003E\n    \u003Cdiv class=\u0022EventTeaser-description\u0022\u003E\n              \u003Cp\u003EConf\u00e9rence et d\u00e9dicaces au centre culturel Yan\u0027s Club en partenariat avec la librairie Les Oiseaux rares.\u003Cbr\u003E\u003Cbr\u003EPour plus d\u0027informations, rendez-vous sur \u003Ca href=\u0022https:\/\/association.tel\/f\/yan-s-club-8035731\/\u0022\u003Ecette page\u003C\/a\u003E.\u003C\/p\u003E\n          \u003C\/div\u003E\n\n    \u003Cdiv class=\u0022EventTeaser-metas\u0022\u003E\n      \u003Cdiv class=\u0022EventTeaser-meta\u0022\u003E\n                  \u003Cdiv class=\u0022EventTeaser-meta-icon\u0022\u003E\n            \u003Csvg class=\u0022icon icon-clock\u0022 aria-hidden=\u0022true\u0022 focusable=\u0022false\u0022 width=\u002215\u0022 height=\u002215\u0022\u003E\u003Cuse xlink:href=\u0022\/themes\/custom\/albin_michel\/public\/dist\/icons.svg#icon-clock\u0022\u003E\u003C\/use\u003E\u003C\/svg\u003E\n          \u003C\/div\u003E\n          \u003Cdiv class=\u0022EventTeaser-meta-label\u0022\u003E\n            20h30\n          \u003C\/div\u003E\n        \u003C\/div\u003E\n              \u003Cdiv class=\u0022EventTeaser-meta\u0022\u003E\n        \u003Cdiv class=\u0022EventTeaser-meta-icon\u0022\u003E\n          \u003Csvg class=\u0022icon icon-marker\u0022 aria-hidden=\u0022true\u0022 focusable=\u0022false\u0022 width=\u002212.5\u0022 height=\u002215\u0022\u003E\u003Cuse xlink:href=\u0022\/themes\/custom\/albin_michel\/public\/dist\/icons.svg#icon-marker\u0022\u003E\u003C\/use\u003E\u003C\/svg\u003E\n        \u003C\/div\u003E\n        \u003Cdiv class=\u0022EventTeaser-meta-label\u0022\u003E\n                      Yan\u0026#039;s Club\u003Cbr \/\u003E\n                                5 Avenue Reille\u003Cbr \/\u003E\n                    75014\n          Paris\n        \u003C\/div\u003E\n      \u003C\/div\u003E\n    \u003C\/div\u003E\n  \u003C\/div\u003E\n\n  \u003Cdiv class=\u0022EventTeaser-follow mq--onlyPhone\u0022\u003E\n    \u003Ca href=\u0022\/agenda\/event\/ical\/80884\u0022\u003E\n      \u003Cdiv class=\u0022EventTeaser-follow-label\u0022\u003E\n        Cr\u00e9er\u003Cbr \/\u003Eun rappel\n      \u003C\/div\u003E\n      \u003Cdiv class=\u0022EventTeaser-follow-button\u0022\u003E\n        \u003Csvg class=\u0022icon icon-plus\u0022 aria-hidden=\u0022true\u0022 focusable=\u0022false\u0022 width=\u002215\u0022 height=\u002215\u0022\u003E\u003Cuse xlink:href=\u0022\/themes\/custom\/albin_michel\/public\/dist\/icons.svg#icon-plus\u0022\u003E\u003C\/use\u003E\u003C\/svg\u003E\n      \u003C\/div\u003E\n    \u003C\/a\u003E\n  \u003C\/div\u003E\n\u003C\/article\u003E\n\n      \n\u003Carticle data-history-node-id=\u002280844\u0022 class=\u0022EventTeaser\u0022\u003E\n  \u003Cdiv class=\u0022EventTeaser-header\u0022\u003E\n    \u003Cdiv class=\u0022EventTeaser-date\u0022\u003E\n              \u003Cdiv class=\u0022EventTeaser-date--day\u0022\u003E\n          \u003Cspan\u003E12\u003C\/span\u003E\n                                        \u003C\/div\u003E\n                    \u003Cdiv class=\u0022EventTeaser-date--month\u0022\u003E\n          \u003Cspan\u003ESept\u003C\/span\u003E\n                                        \u003C\/div\u003E\n          \u003C\/div\u003E\n\n    \u003Cdiv class=\u0022EventTeaser-links\u0022\u003E\n      \u003Cdiv class=\u0022EventTeaser-link\u0022\u003E\n                  \u003Ca href=\u0022\/claude-guibal\u0022\u003E\n            \u003Cdiv class=\u0022EventTeaser-link--label\u0022\u003EFiche\u003Cbr \/\u003EAuteur\u003C\/div\u003E\n            \u003Csvg class=\u0022icon icon-chevron\u0022 aria-hidden=\u0022true\u0022 focusable=\u0022false\u0022 width=\u002212\u0022 height=\u002224\u0022\u003E\u003Cuse xlink:href=\u0022\/themes\/custom\/albin_michel\/public\/dist\/icons.svg#icon-chevron\u0022\u003E\u003C\/use\u003E\u003C\/svg\u003E\n          \u003C\/a\u003E\n              \u003C\/div\u003E\n      \u003Cdiv class=\u0022EventTeaser-link\u0022\u003E\n                  \u003Ca href=\u0022\/ce-que-la-guerre-fait-aux-hommes-9782226497673\u0022\u003E\n            \u003Cdiv class=\u0022EventTeaser-link--label\u0022\u003EFiche\u003Cbr \/\u003EOuvrage\u003C\/div\u003E\n            \u003Csvg class=\u0022icon icon-chevron\u0022 aria-hidden=\u0022true\u0022 focusable=\u0022false\u0022 width=\u002212\u0022 height=\u002224\u0022\u003E\u003Cuse xlink:href=\u0022\/themes\/custom\/albin_michel\/public\/dist\/icons.svg#icon-chevron\u0022\u003E\u003C\/use\u003E\u003C\/svg\u003E\n          \u003C\/a\u003E\n              \u003C\/div\u003E\n    \u003C\/div\u003E\n  \u003C\/div\u003E\n\n  \u003Cdiv class=\u0022EventTeaser-content\u0022\u003E\n    \u003Cdiv class=\u0022EventTeaser-title\u0022\u003E\n      \u003Ch3\u003E\n\u003Cspan\u003EClaude Guibal \u00e0 Nancy \u003C\/span\u003E\n\u003C\/h3\u003E\n    \u003C\/div\u003E\n    \u003Cdiv class=\u0022EventTeaser-description\u0022\u003E\n              \u003Cp\u003ERencontre au salon Le Livre sur la Place.\u0026nbsp;\u003C\/p\u003E\u003Cp\u003EPour plus d\u0027informations, rendez-vous \u003Ca href=\u0022https:\/\/lelivresurlaplace.nancy.fr\/accueil\u0022\u003E\u00e0 ce lien.\u003C\/a\u003E\u003C\/p\u003E\n          \u003C\/div\u003E\n\n    \u003Cdiv class=\u0022EventTeaser-metas\u0022\u003E\n      \u003Cdiv class=\u0022EventTeaser-meta\u0022\u003E\n                  \u003Cdiv class=\u0022EventTeaser-meta-icon\u0022\u003E\n            \u003Csvg class=\u0022icon icon-clock\u0022 aria-hidden=\u0022true\u0022 focusable=\u0022false\u0022 width=\u002215\u0022 height=\u002215\u0022\u003E\u003Cuse xlink:href=\u0022\/themes\/custom\/albin_michel\/public\/dist\/icons.svg#icon-clock\u0022\u003E\u003C\/use\u003E\u003C\/svg\u003E\n          \u003C\/div\u003E\n          \u003Cdiv class=\u0022EventTeaser-meta-label\u0022\u003E\n            10h00\n          \u003C\/div\u003E\n        \u003C\/div\u003E\n              \u003Cdiv class=\u0022EventTeaser-meta\u0022\u003E\n        \u003Cdiv class=\u0022EventTeaser-meta-icon\u0022\u003E\n          \u003Csvg class=\u0022icon icon-marker\u0022 aria-hidden=\u0022true\u0022 focusable=\u0022false\u0022 width=\u002212.5\u0022 height=\u002215\u0022\u003E\u003Cuse xlink:href=\u0022\/themes\/custom\/albin_michel\/public\/dist\/icons.svg#icon-marker\u0022\u003E\u003C\/use\u003E\u003C\/svg\u003E\n        \u003C\/div\u003E\n        \u003Cdiv class=\u0022EventTeaser-meta-label\u0022\u003E\n                              \n          \n        \u003C\/div\u003E\n      \u003C\/div\u003E\n    \u003C\/div\u003E\n  \u003C\/div\u003E\n\n  \u003Cdiv class=\u0022EventTeaser-follow mq--onlyPhone\u0022\u003E\n    \u003Ca href=\u0022\/agenda\/event\/ical\/80844\u0022\u003E\n      \u003Cdiv class=\u0022EventTeaser-follow-label\u0022\u003E\n        Cr\u00e9er\u003Cbr \/\u003Eun rappel\n      \u003C\/div\u003E\n      \u003Cdiv class=\u0022EventTeaser-follow-button\u0022\u003E\n        \u003Csvg class=\u0022icon icon-plus\u0022 aria-hidden=\u0022true\u0022 focusable=\u0022false\u0022 width=\u002215\u0022 height=\u002215\u0022\u003E\u003Cuse xlink:href=\u0022\/themes\/custom\/albin_michel\/public\/dist\/icons.svg#icon-plus\u0022\u003E\u003C\/use\u003E\u003C\/svg\u003E\n      \u003C\/div\u003E\n    \u003C\/a\u003E\n  \u003C\/div\u003E\n\u003C\/article\u003E\n\n  ","settings":null},{"command":"insert","method":"replaceWith","selector":"[data-agenda-loadmore]","data":"\u003Ca href=\u0022ajax\/calendar\/next-page\/2026\/09?page=3\u0026city=\u0026limit=9\u0022 class=\u0022pagination-see-more use-ajax\u0022 data-agenda-loadmore\u003EVoir plus\u003C\/a\u003E","settings":null}]